{"id":40867,"date":"2020-03-04T18:10:34","date_gmt":"2020-03-04T17:10:34","guid":{"rendered":"https:\/\/www.messinaoggi.it\/website\/?p=40867"},"modified":"2020-03-04T18:10:34","modified_gmt":"2020-03-04T17:10:34","slug":"schianto-sullautobrennero-morto-larchitetto-messinese-axel-lars-bonura","status":"publish","type":"post","link":"https:\/\/www.messinaoggi.it\/website\/2020\/03\/04\/schianto-sullautobrennero-morto-larchitetto-messinese-axel-lars-bonura\/","title":{"rendered":"SCHIANTO SULL&#039;AUTOBRENNERO: MORTO L&#039;ARCHITETTO MESSINESE AXEL LARS BONURA"},"content":{"rendered":"<p style=\"text-align: justify;\">La Bmw aziendale sulla quale viaggiava ha tamponato un tir ed \u00e8 morto sul colpo il messinese <strong>Axel Lars Bonura, 50 anni,<\/strong> architetto, residente da anni a Verona. L&#8217;uomo, nativo di Messina, ha perso la vita ieri sera poco prima della 23 sull\u2019<strong>Autobrennero<\/strong> nel territorio del comune di Gonzaga nel Mantovano. L\u2019incidente\u00a0 si \u00e8 verificato tra i caselli di Reggiolo e Pegognaga in direzione di Verona al confine tra le province di Reggio Emilia e Mantova. Sul posto oltre alla polizia stradale di Modena nord, si \u00e8 recata anche l\u2019ambulanza del 118 e i vigili del fuoco di Guastalla.<div id=\"div-gpt-ad-Messinaoggi.it-DSK-300x250-corpoart\" style=\"text-align:center;margin:0 auto;\"><\/div><\/p>\n<div class=\"v3_news-margin-left\">\n<div class=\"v3_news-news-content\">\n<p style=\"text-align: justify;\">Il traffico sull\u2019A22 non ha subito alcun particolare disagio anche perch\u00e9 l\u2019incidente avrebbe interessato una sola delle due corsie in direzione Brennero. L\u2019allarme \u00e8 scattato ieri prima delle 23 quando un automobilista in transito sull\u2019A22 ha avvertito la Polizia stradale di Modena dell\u2019incidente appena verificatosi sotto i suoi occhi.<div id=\"videoincontent\" style=\"clear:both\";><\/div><\/p>\n<p style=\"text-align: justify;\">La famiglia Bonura \u00e8 molto nota a Messina, dove gestisce un&#8217;assicurazione in via Tommaso Cannizzaro. Axel Lars da anni risiedeva a Verona, dove lavorava per una grossa azienda che realizza arredi per le farmacie. Cordoglio sul sito aziendale della &#8220;Th Kohl&#8221; \u00e8 stato espresso dai colleghi di Bonura che lo ricordano cos\u00ec in un post pubblicato oggi.<\/p>\n<p style=\"text-align: justify;\">&#8220;Cercheremo di trovare le parole per comunicarvi ci\u00f2 che non avremmo mai voluto che accadesse. Axel Bonura ci ha lasciati: un tragico incidente sulla A22 se l\u2019\u00e8 portato via improvvisamente ieri sera.<\/p>\n<p style=\"text-align: justify;\">Non riusciamo a darci conto di come possa essere successo, di che tragico scherzo del destino un\u2019evenienza come questa possa rappresentare. Axel era uno di noi. Come tutti noi trascorreva la maggior parte del tempo ad occuparsi di farmacie e lo faceva con un taglio molto personale: oltre alla sua professionalit\u00e0 che nessuno potr\u00e0 mai mettere in discussione, Axel si distingueva per la sua gentilezza, la sua calma, la sua pacatezza. Pur vivendo quotidianamente lo stress delle trattative commerciali, dei rapporti spesso complicati con i clienti, riusciva sempre a infondere fiducia a tutti, dai responsabili di zona ai colleghi dell\u2019ufficio tecnico, alle amministrazioni con cui, dato il ruolo che ricopriva, era costantemente in contatto. \u201cFacciamo\u201d era una delle parole che gli sentivamo pronunciare pi\u00f9 spesso. Non gli piacevano gli argomenti vacui e non lo abbiamo mai sentito vantarsi o assumere atteggiamenti arroganti o stizziti verso i colleghi o i clienti. Un\u2019altra espressione che lo caratterizzava era \u201cla nostra squadra\u201d, a dimostrazione che la sua \u201cfattivit\u00e0\u201d andava sempre nella direzione di una soluzione condivisa da tutti, perch\u00e9 lo spirito di appartenenza alla squadra \u00e8 condizione necessaria per fare la differenza. La sua pacifica determinazione, la sua creativit\u00e0 e la sua visione sono ci\u00f2 che ci ha consentito di prendere decisioni fondamentali per l\u2019organizzazione delle nostre aziende.<\/p>\n<p style=\"text-align: justify;\">Chi ha avuto la fortuna di conoscere bene Axel, sa che, oltre a un bravo manager e architetto, era anche un amico attento e sincero. Una persona autentica con cui affrontare qualunque tipo di conversazione, anche le pi\u00f9 personali e faticose. Sapeva ascoltare e sapeva dare conforto e, se questa sua qualit\u00e0 era particolarmente apprezzata dai colleghi, rivestiva un valore ancora maggiore agli occhi dei farmacisti, per i quali \u2013 come sappiamo \u2013 la ristrutturazione e l\u2019adozione del robot rappresentano un momento di profonda incertezza e timore.<\/p>\n<p style=\"text-align: justify;\">Ci riteniamo fortunati che il nostro cammino, come persone e come aziende, abbia incrociato quello di Axel, ma proprio per questo fatichiamo a darci conto di come un destino tanto beffardo possa averlo sottratto a noi e alle persone a lui pi\u00f9 care. Oggi, domani, e per sempre lo ricorderemo pensando a che cosa avrebbe \u201cfatto\u201d Axel nei momenti di confronto e di condivisione, quando il nostro lavoro ci impone di assumerci dei rischi, di prendere delle scelte in alcune occasioni facili, in altre pi\u00f9 scomode&#8221;.<\/p>\n<p style=\"text-align: justify;\">I Colleghi Th.Kohl e Pharmathek<\/p>\n<\/div>\n<\/div>\n","protected":false},"excerpt":{"rendered":"<p>La Bmw aziendale sulla quale viaggiava ha tamponato un tir ed \u00e8 morto sul colpo il messinese Axel Lars Bonura, 50 anni, architetto, residente da anni a Verona. L&#8217;uomo, nativo di Messina, ha perso la vita ieri sera poco prima della 23 sull\u2019Autobrennero nel territorio del comune di Gonzaga nel Mantovano. L\u2019incidente\u00a0 si \u00e8 verificato [&hellip;]<\/p>\n","protected":false},"author":2,"featured_media":40868,"comment_status":"closed","ping_status":"closed","sticky":false,"template":"","format":"standard","meta":{"ub_ctt_via":"","_mi_skip_tracking":false},"categories":[6],"tags":[208,209,74],"featured_image_src":"https:\/\/www.messinaoggi.it\/website\/wp-content\/uploads\/2020\/03\/axel-bonura-thkohl.jpg","author_info":{"display_name":"Redazione","author_link":"https:\/\/www.messinaoggi.it\/website\/author\/redazione\/"},"digistream_id":0,"digistream":false,"_links":{"self":[{"href":"https:\/\/www.messinaoggi.it\/website\/wp-json\/wp\/v2\/posts\/40867"}],"collection":[{"href":"https:\/\/www.messinaoggi.it\/website\/wp-json\/wp\/v2\/posts"}],"about":[{"href":"https:\/\/www.messinaoggi.it\/website\/wp-json\/wp\/v2\/types\/post"}],"author":[{"embeddable":true,"href":"https:\/\/www.messinaoggi.it\/website\/wp-json\/wp\/v2\/users\/2"}],"replies":[{"embeddable":true,"href":"https:\/\/www.messinaoggi.it\/website\/wp-json\/wp\/v2\/comments?post=40867"}],"version-history":[{"count":0,"href":"https:\/\/www.messinaoggi.it\/website\/wp-json\/wp\/v2\/posts\/40867\/revisions"}],"wp:featuredmedia":[{"embeddable":true,"href":"https:\/\/www.messinaoggi.it\/website\/wp-json\/wp\/v2\/media\/40868"}],"wp:attachment":[{"href":"https:\/\/www.messinaoggi.it\/website\/wp-json\/wp\/v2\/media?parent=40867"}],"wp:term":[{"taxonomy":"category","embeddable":true,"href":"https:\/\/www.messinaoggi.it\/website\/wp-json\/wp\/v2\/categories?post=40867"},{"taxonomy":"post_tag","embeddable":true,"href":"https:\/\/www.messinaoggi.it\/website\/wp-json\/wp\/v2\/tags?post=40867"}],"curies":[{"name":"wp","href":"https:\/\/api.w.org\/{rel}","templated":true}]}}