{"id":40827,"date":"2020-03-03T12:58:21","date_gmt":"2020-03-03T11:58:21","guid":{"rendered":"https:\/\/www.messinaoggi.it\/website\/?p=40827"},"modified":"2020-03-03T12:58:21","modified_gmt":"2020-03-03T11:58:21","slug":"slow-food-valdemone-eletto-il-nuovo-direttivo","status":"publish","type":"post","link":"https:\/\/www.messinaoggi.it\/website\/2020\/03\/03\/slow-food-valdemone-eletto-il-nuovo-direttivo\/","title":{"rendered":"Slow Food Valdemone, eletto il nuovo direttivo"},"content":{"rendered":"<p style=\"text-align: justify;\">Si \u00e8 tenuta l\u2019assemblea annuale della Condotta Slow Food Valdemone durante la quale \u00e8 stato eletto il nuovo Comitato che regger\u00e0 la Condotta per il prossimo quadriennio.<div id=\"div-gpt-ad-Messinaoggi.it-DSK-300x250-corpoart\" style=\"text-align:center;margin:0 auto;\"><\/div><\/p>\n<p style=\"text-align: justify;\">Tante le novit\u00e0 e le peculiarit\u00e0 del nuovo gruppo direttivo a cominciare dalla figura del fiduciario, ricoperta da Laura Gugliotta che riceve il testimone da Giuseppe Restuccia, per 6 anni alla guida del Comitato uscente. Una novit\u00e0 tutta al femminile che non investe solo la figura apicale ma riguarda l\u2019intero comitato neoeletto, composto per quattro quinti da quote rosa, novit\u00e0 assoluta dal momento della fondazione della Condotta avvenuta nell\u2019anno 2013. Non solo declinazione a maggioranza femminile ma anche un nutrito numero di giovani comporr\u00e0 il board del movimento Valdemone, composto da Claudia Cavaliere Martinez, Ileana Padovano, Marzia Villari ed Alessandro Ciatto, oltre ovviamente a Laura Gugliotta, ognuno con ruoli ed incarichi ben definiti che si concretizzeranno in azioni strategiche gi\u00e0 sommariamente illustrate al momento dell\u2019insediamento tramite la lettura del Dossier della Condotta.<div id=\"videoincontent\" style=\"clear:both\";><\/div><\/p>\n<p style=\"text-align: justify;\">\u201c<em>Abbiamo il dovere morale di far tesoro dell\u2019ottimo lavoro svolto in questi anni dal precedente Comitato di Condotta che si \u00e8 speso in maniera eccellente. Al contempo, per\u00f2, abbiamo l\u2019obbligo di rafforzare questo movimento e lo vogliamo fare proponendoci al territorio con una chiave di lettura pi\u00f9 attenta alle nuove generazioni, quindi a giovani e giovanissimi, i futuri protagonisti della cultura del cibo buono, pulito e giusto &#8211; questi i primi commenti della fiduciaria neo eletta &#8211; Con questo scopo abbiamo gi\u00e0 delineato delle precise strategie da mettere in campo sottolineando che sar\u00e0 indispensabile il supporto di chiunque voglia spendersi per la crescita del food movement nel nostro territorio. Abbiamo gi\u00e0 in prima battuta assegnato diverse deleghe e ne definiremo pi\u00f9 in l\u00e0 delle altre, ognuna con dei compiti ben precisi che risulteranno di fondamentale importanza per far crescere la filosofia Slow Food<\/em>\u201d.<\/p>\n<p style=\"text-align: justify;\">Tanti gli argomenti e le proposte evidenziate nel Dossier dal nuovo Comitato e da mettere in pratica gi\u00e0 dai prossimi giorni: dalla biodiversit\u00e0 alimentare tramite il recupero dell\u2019agricoltura periurbana all\u2019educazione al gusto nelle scuole e nell\u2019Universit\u00e0, dalla maggiore e migliore relazione del movimento slow food con la societ\u00e0 e con i cittadini ad una presenza sempre pi\u00f9 attiva e propositiva nei tavoli istituzionali.<\/p>\n","protected":false},"excerpt":{"rendered":"<p>Si \u00e8 tenuta l\u2019assemblea annuale della Condotta Slow Food Valdemone durante la quale \u00e8 stato eletto il nuovo Comitato che regger\u00e0 la Condotta per il prossimo quadriennio. Tante le novit\u00e0 e le peculiarit\u00e0 del nuovo gruppo direttivo a cominciare dalla figura del fiduciario, ricoperta da Laura Gugliotta che riceve il testimone da Giuseppe Restuccia, per [&hellip;]<\/p>\n","protected":false},"author":2,"featured_media":40828,"comment_status":"closed","ping_status":"closed","sticky":false,"template":"","format":"standard","meta":{"ub_ctt_via":"","_mi_skip_tracking":false},"categories":[5],"tags":[],"featured_image_src":"https:\/\/www.messinaoggi.it\/website\/wp-content\/uploads\/2020\/03\/slow-food-1.jpeg","author_info":{"display_name":"Redazione","author_link":"https:\/\/www.messinaoggi.it\/website\/author\/redazione\/"},"digistream_id":0,"digistream":false,"_links":{"self":[{"href":"https:\/\/www.messinaoggi.it\/website\/wp-json\/wp\/v2\/posts\/40827"}],"collection":[{"href":"https:\/\/www.messinaoggi.it\/website\/wp-json\/wp\/v2\/posts"}],"about":[{"href":"https:\/\/www.messinaoggi.it\/website\/wp-json\/wp\/v2\/types\/post"}],"author":[{"embeddable":true,"href":"https:\/\/www.messinaoggi.it\/website\/wp-json\/wp\/v2\/users\/2"}],"replies":[{"embeddable":true,"href":"https:\/\/www.messinaoggi.it\/website\/wp-json\/wp\/v2\/comments?post=40827"}],"version-history":[{"count":0,"href":"https:\/\/www.messinaoggi.it\/website\/wp-json\/wp\/v2\/posts\/40827\/revisions"}],"wp:featuredmedia":[{"embeddable":true,"href":"https:\/\/www.messinaoggi.it\/website\/wp-json\/wp\/v2\/media\/40828"}],"wp:attachment":[{"href":"https:\/\/www.messinaoggi.it\/website\/wp-json\/wp\/v2\/media?parent=40827"}],"wp:term":[{"taxonomy":"category","embeddable":true,"href":"https:\/\/www.messinaoggi.it\/website\/wp-json\/wp\/v2\/categories?post=40827"},{"taxonomy":"post_tag","embeddable":true,"href":"https:\/\/www.messinaoggi.it\/website\/wp-json\/wp\/v2\/tags?post=40827"}],"curies":[{"name":"wp","href":"https:\/\/api.w.org\/{rel}","templated":true}]}}