{"id":40778,"date":"2020-02-29T17:01:37","date_gmt":"2020-02-29T16:01:37","guid":{"rendered":"https:\/\/www.messinaoggi.it\/website\/?p=40778"},"modified":"2020-02-29T17:01:37","modified_gmt":"2020-02-29T16:01:37","slug":"febbraio-asciutto-agricoltura-siciliana-in-ginocchio","status":"publish","type":"post","link":"https:\/\/www.messinaoggi.it\/website\/2020\/02\/29\/febbraio-asciutto-agricoltura-siciliana-in-ginocchio\/","title":{"rendered":"Febbraio &quot;asciutto&quot;, agricoltura siciliana in ginocchio"},"content":{"rendered":"<p>Anche il mese che sta per concludersi pu\u00f2 essere archiviato come il febbraio pi\u00f9 asciutto dell&#8217;ultimo secolo. Era gi\u00e0 successo lo scorso gennaio, sempre il pi\u00f9 secco nell\u2019ultimo secolo.<br \/>\nIl dato registrato dall\u2019Osservatorio delle acque della Regione siciliana \u00e8 pi\u00f9 di un campanello di allarme soprattutto nelle province di Palermo, Trapani e Agrigento.<br \/>\nPer due mesi consecutivi, in questa parte di Sicilia, non si \u00e8 praticamente vista una goccia d\u2019acqua e a risentirne principalmente \u00e8 l\u2019agricoltura, visto che gli invasi sono ancora in salute per rifornire le abitazioni.<br \/>\n\u201cSiamo davanti a un quadro preoccupante, la siccit\u00e0 sta compromettendo le nostre colture in corso come il grano, foraggi e ortaggi. Ma ha anche bloccato il lavoro nelle vigne, dove in questo periodo si dovrebbe lavorare ai nuovi impianti. La terra \u00e8 per\u00f2 dura, spaccata, non si pu\u00f2 piantare nulla in questo momento, un problema anche per i florovivaisti\u201d, spiega Antonino Cossentino, presidente della Cia Sicilia Occidentale.<div id=\"div-gpt-ad-Messinaoggi.it-DSK-300x250-corpoart\" style=\"text-align:center;margin:0 auto;\"><\/div><\/p>\n<div id=\"videoincontent\" style=\"clear:both\";><\/div>","protected":false},"excerpt":{"rendered":"<p>Anche il mese che sta per concludersi pu\u00f2 essere archiviato come il febbraio pi\u00f9 asciutto dell&#8217;ultimo secolo. Era gi\u00e0 successo lo scorso gennaio, sempre il pi\u00f9 secco nell\u2019ultimo secolo. Il dato registrato dall\u2019Osservatorio delle acque della Regione siciliana \u00e8 pi\u00f9 di un campanello di allarme soprattutto nelle province di Palermo, Trapani e Agrigento. Per due [&hellip;]<\/p>\n","protected":false},"author":4,"featured_media":22167,"comment_status":"closed","ping_status":"closed","sticky":false,"template":"","format":"standard","meta":{"ub_ctt_via":"","_mi_skip_tracking":false},"categories":[11],"tags":[],"featured_image_src":"https:\/\/www.messinaoggi.it\/website\/wp-content\/uploads\/2018\/07\/Torrente-San-Filippo-piante-secche-su-spartitraffico-messinaoggiMarcyRuggi-1.jpg","author_info":{"display_name":"redme","author_link":"https:\/\/www.messinaoggi.it\/website\/author\/redme\/"},"digistream_id":0,"digistream":false,"_links":{"self":[{"href":"https:\/\/www.messinaoggi.it\/website\/wp-json\/wp\/v2\/posts\/40778"}],"collection":[{"href":"https:\/\/www.messinaoggi.it\/website\/wp-json\/wp\/v2\/posts"}],"about":[{"href":"https:\/\/www.messinaoggi.it\/website\/wp-json\/wp\/v2\/types\/post"}],"author":[{"embeddable":true,"href":"https:\/\/www.messinaoggi.it\/website\/wp-json\/wp\/v2\/users\/4"}],"replies":[{"embeddable":true,"href":"https:\/\/www.messinaoggi.it\/website\/wp-json\/wp\/v2\/comments?post=40778"}],"version-history":[{"count":0,"href":"https:\/\/www.messinaoggi.it\/website\/wp-json\/wp\/v2\/posts\/40778\/revisions"}],"wp:featuredmedia":[{"embeddable":true,"href":"https:\/\/www.messinaoggi.it\/website\/wp-json\/wp\/v2\/media\/22167"}],"wp:attachment":[{"href":"https:\/\/www.messinaoggi.it\/website\/wp-json\/wp\/v2\/media?parent=40778"}],"wp:term":[{"taxonomy":"category","embeddable":true,"href":"https:\/\/www.messinaoggi.it\/website\/wp-json\/wp\/v2\/categories?post=40778"},{"taxonomy":"post_tag","embeddable":true,"href":"https:\/\/www.messinaoggi.it\/website\/wp-json\/wp\/v2\/tags?post=40778"}],"curies":[{"name":"wp","href":"https:\/\/api.w.org\/{rel}","templated":true}]}}