{"id":40725,"date":"2020-02-27T11:37:48","date_gmt":"2020-02-27T10:37:48","guid":{"rendered":"https:\/\/www.messinaoggi.it\/website\/?p=40725"},"modified":"2020-02-27T11:37:48","modified_gmt":"2020-02-27T10:37:48","slug":"sea-watch-lira-di-musumeci-grave-autorizzare-lo-sbarco","status":"publish","type":"post","link":"https:\/\/www.messinaoggi.it\/website\/2020\/02\/27\/sea-watch-lira-di-musumeci-grave-autorizzare-lo-sbarco\/","title":{"rendered":"Sea Watch, l&#039;ira di Musumeci: &quot;Grave autorizzare lo sbarco&quot;"},"content":{"rendered":"<p>\u201cIl governo di Roma ha respinto la nostra proposta, autorizzando a Messina lo sbarco dei migranti e la loro sottoposizione a isolamento in un hotspot che le autorit\u00e0 sanitarie hanno dichiarato inadeguato allo scopo \u2013 ha detto il governatore Musumeci -. \u00c8 una decisione grave che non rispetta la dignit\u00e0 dei migranti e le preoccupazioni dei siciliani. Sarebbe stato pi\u00f9 umano indirizzare la nave in un porto attrezzato e in un territorio lontano dall\u2019emergenza sanitaria. Ne prendiamo atto\u201d.<br \/>\nIl presidente della Regione in una lettera al premier Conte ieri si era detto infatti contrario allo sbarco affermando che nella caserma Gasparro Bisconte \u201csono emerse rilevanti criticit\u00e0 sotto il profilo igienico-sanitario, in merito all\u2019accoglienza di nuovi migranti\u201d.<br \/>\nDello stesso parere il presidente nazionale di Consumatori Associati Ernesto Fiorillo che aveva \u201cinvitato le autorit\u00e0 a evitare che ulteriori quote di migranti sbarchino a Messina poich\u00e9 non \u00e8 in grado di affrontare l\u2019accoglienza in un periodo di conclamato contagio per il coronavirus<div id=\"div-gpt-ad-Messinaoggi.it-DSK-300x250-corpoart\" style=\"text-align:center;margin:0 auto;\"><\/div><\/p>\n<div id=\"videoincontent\" style=\"clear:both\";><\/div>","protected":false},"excerpt":{"rendered":"<p>\u201cIl governo di Roma ha respinto la nostra proposta, autorizzando a Messina lo sbarco dei migranti e la loro sottoposizione a isolamento in un hotspot che le autorit\u00e0 sanitarie hanno dichiarato inadeguato allo scopo \u2013 ha detto il governatore Musumeci -. \u00c8 una decisione grave che non rispetta la dignit\u00e0 dei migranti e le preoccupazioni [&hellip;]<\/p>\n","protected":false},"author":4,"featured_media":40726,"comment_status":"closed","ping_status":"closed","sticky":false,"template":"","format":"standard","meta":{"ub_ctt_via":"","_mi_skip_tracking":false},"categories":[6],"tags":[],"featured_image_src":"https:\/\/www.messinaoggi.it\/website\/wp-content\/uploads\/2020\/02\/IMG-20200227-WA0012-1.jpg","author_info":{"display_name":"redme","author_link":"https:\/\/www.messinaoggi.it\/website\/author\/redme\/"},"digistream_id":0,"digistream":false,"_links":{"self":[{"href":"https:\/\/www.messinaoggi.it\/website\/wp-json\/wp\/v2\/posts\/40725"}],"collection":[{"href":"https:\/\/www.messinaoggi.it\/website\/wp-json\/wp\/v2\/posts"}],"about":[{"href":"https:\/\/www.messinaoggi.it\/website\/wp-json\/wp\/v2\/types\/post"}],"author":[{"embeddable":true,"href":"https:\/\/www.messinaoggi.it\/website\/wp-json\/wp\/v2\/users\/4"}],"replies":[{"embeddable":true,"href":"https:\/\/www.messinaoggi.it\/website\/wp-json\/wp\/v2\/comments?post=40725"}],"version-history":[{"count":0,"href":"https:\/\/www.messinaoggi.it\/website\/wp-json\/wp\/v2\/posts\/40725\/revisions"}],"wp:featuredmedia":[{"embeddable":true,"href":"https:\/\/www.messinaoggi.it\/website\/wp-json\/wp\/v2\/media\/40726"}],"wp:attachment":[{"href":"https:\/\/www.messinaoggi.it\/website\/wp-json\/wp\/v2\/media?parent=40725"}],"wp:term":[{"taxonomy":"category","embeddable":true,"href":"https:\/\/www.messinaoggi.it\/website\/wp-json\/wp\/v2\/categories?post=40725"},{"taxonomy":"post_tag","embeddable":true,"href":"https:\/\/www.messinaoggi.it\/website\/wp-json\/wp\/v2\/tags?post=40725"}],"curies":[{"name":"wp","href":"https:\/\/api.w.org\/{rel}","templated":true}]}}