{"id":40698,"date":"2020-02-26T11:28:45","date_gmt":"2020-02-26T10:28:45","guid":{"rendered":"https:\/\/www.messinaoggi.it\/website\/?p=40698"},"modified":"2020-02-26T11:28:45","modified_gmt":"2020-02-26T10:28:45","slug":"vigili-urbani-gioveni-messina-potrebbe-avere-questanno-altri-82-agenti","status":"publish","type":"post","link":"https:\/\/www.messinaoggi.it\/website\/2020\/02\/26\/vigili-urbani-gioveni-messina-potrebbe-avere-questanno-altri-82-agenti\/","title":{"rendered":"Vigili urbani, Gioveni: &quot;Messina potrebbe avere quest&#039;anno altri 82 agenti&quot;"},"content":{"rendered":"<p>&#8220;L&#8217;anno 2020 potr\u00e0 e dovr\u00e0 risultare determinante per aumentare sensibilmente, dopo anni di agonie, l&#8217;organico del corpo della Polizia Municipale, ma occorrer\u00e0 una chiara volont\u00e0 politica che vada in questa direzione&#8221;. Il consigliere comunale Libero Gioveni interviene sull&#8217;annosa problematica della carenza dei vigili urbani in citt\u00e0, invitando l&#8217;Amministrazione e la deputazione nazionale a lavorare sinergicamente per raggiungere il fondamentale obiettivo di rimpinguare e stabilizzare l&#8217;attuale e futura forza lavoro.<br \/>\n\u201cEntro luglio 2020 \u2013 spiega Gioveni \u2013 degli ormai storici 21 concorsisti, 16 di loro (ad alcuni dei quali scadr\u00e0 l&#8217;anno di deroga assistita) termineranno i 36 mesi complessivi di servizio svolti che, grazie al D.l. 162\/2019 (il cosiddetto Decreto Milleproroghe gi\u00e0 approvato dalla Camera) potrebbero essere stabilizzati. Riguardo invece i nuovi 46 agenti concorsisti che saranno assunti con i fondi del Decreto Sicurezza, visto che la graduatoria sar\u00e0 stilata per 66 unit\u00e0, l&#8217;Amministrazione potrebbe assumere (o in prima o in seconda battuta) i restanti 20 grazie alla capacit\u00e0 economica assunzionale maturata nell&#8217;anno di riferimento che nella fattispecie \u00e8 l&#8217;anno 2016, la cui misura pu\u00f2 servire anche per aumentare da 32 a 36 ore settimanali ai vigili contrattisti. Cos\u00ec facendo avremmo in campo i 16 agenti che si aggiungerebbero alle nuove 66 unit\u00e0, pi\u00f9 a disposizione altre 4 ore settimanali ad agente per i 49 contrattisti che cos\u00ec \u00e8 come se produrrebbero altri 5 agenti a settimana\u201d.<br \/>\n\u201cPertanto &#8211; conclude Gioveni &#8211; si rende necessario convocare una seduta congiunta di 1^ e 8^ Commissione con deleghe alla Viabilit\u00e0 e alla Polizia Municipale, per capire dall&#8217;Amministrazione quali passaggi amministrativi intender\u00e0 porre in essere per raggiungere quello che io ritengo sia ormai un obiettivo, a fronte delle varie emergenze da fronteggiare in citt\u00e0, assolutamente da raggiungere\u201d.<div id=\"div-gpt-ad-Messinaoggi.it-DSK-300x250-corpoart\" style=\"text-align:center;margin:0 auto;\"><\/div><\/p>\n<div id=\"videoincontent\" style=\"clear:both\";><\/div>","protected":false},"excerpt":{"rendered":"<p>&#8220;L&#8217;anno 2020 potr\u00e0 e dovr\u00e0 risultare determinante per aumentare sensibilmente, dopo anni di agonie, l&#8217;organico del corpo della Polizia Municipale, ma occorrer\u00e0 una chiara volont\u00e0 politica che vada in questa direzione&#8221;. Il consigliere comunale Libero Gioveni interviene sull&#8217;annosa problematica della carenza dei vigili urbani in citt\u00e0, invitando l&#8217;Amministrazione e la deputazione nazionale a lavorare sinergicamente [&hellip;]<\/p>\n","protected":false},"author":8,"featured_media":2305,"comment_status":"closed","ping_status":"closed","sticky":false,"template":"","format":"standard","meta":{"ub_ctt_via":"","_mi_skip_tracking":false},"categories":[4],"tags":[],"featured_image_src":"https:\/\/www.messinaoggi.it\/website\/wp-content\/uploads\/2017\/06\/vigili-urbani-giuramento-messinaoggi-2.jpg","author_info":{"display_name":"red..me","author_link":"https:\/\/www.messinaoggi.it\/website\/author\/redstage\/"},"digistream_id":0,"digistream":false,"_links":{"self":[{"href":"https:\/\/www.messinaoggi.it\/website\/wp-json\/wp\/v2\/posts\/40698"}],"collection":[{"href":"https:\/\/www.messinaoggi.it\/website\/wp-json\/wp\/v2\/posts"}],"about":[{"href":"https:\/\/www.messinaoggi.it\/website\/wp-json\/wp\/v2\/types\/post"}],"author":[{"embeddable":true,"href":"https:\/\/www.messinaoggi.it\/website\/wp-json\/wp\/v2\/users\/8"}],"replies":[{"embeddable":true,"href":"https:\/\/www.messinaoggi.it\/website\/wp-json\/wp\/v2\/comments?post=40698"}],"version-history":[{"count":0,"href":"https:\/\/www.messinaoggi.it\/website\/wp-json\/wp\/v2\/posts\/40698\/revisions"}],"wp:featuredmedia":[{"embeddable":true,"href":"https:\/\/www.messinaoggi.it\/website\/wp-json\/wp\/v2\/media\/2305"}],"wp:attachment":[{"href":"https:\/\/www.messinaoggi.it\/website\/wp-json\/wp\/v2\/media?parent=40698"}],"wp:term":[{"taxonomy":"category","embeddable":true,"href":"https:\/\/www.messinaoggi.it\/website\/wp-json\/wp\/v2\/categories?post=40698"},{"taxonomy":"post_tag","embeddable":true,"href":"https:\/\/www.messinaoggi.it\/website\/wp-json\/wp\/v2\/tags?post=40698"}],"curies":[{"name":"wp","href":"https:\/\/api.w.org\/{rel}","templated":true}]}}