{"id":40654,"date":"2020-02-25T09:01:25","date_gmt":"2020-02-25T08:01:25","guid":{"rendered":"https:\/\/www.messinaoggi.it\/website\/?p=40654"},"modified":"2020-02-25T09:01:25","modified_gmt":"2020-02-25T08:01:25","slug":"coronavirus-primi-caso-in-sicilia","status":"publish","type":"post","link":"https:\/\/www.messinaoggi.it\/website\/2020\/02\/25\/coronavirus-primi-caso-in-sicilia\/","title":{"rendered":"Coronavirus, primo caso anche in Sicilia: positiva turista bergamasca"},"content":{"rendered":"<p>Risultata positiva al Coronavirus la turista di Bergamo in vacanza a Palermo che ieri sera \u00e8 stata ricoverata nell\u2019ospedale \u201cCervello\u201d per i controlli dopo aver mostrato sintomi influenzali. Lo conferma la Regione siciliana. \u201cAbbiamo un sospetto caso positivo risultato tale all\u2019esame del tampone\u201d. E\u2019 stata disposta la quarantena per il gruppo di amici della donna e per le persone che sono state a stretto contatto coi turisti. Questo \u00e8 il primo caso di Coronavirus accertato nel Sud Italia.<br \/>\n\u201cSi tratta di una donna di origine bergamasca presente in Sicilia con una comitiva e arrivata a Palermo prima dell\u2019inizio dell\u2019emergenza in Lombardia \u2013 afferma il presidente della Regione siciliana, Nello Musumeci -. Il campione esaminato al Policlinico di Palermo verr\u00e0 immediatamente inviato allo Spallanzani per ulteriori verifiche. La signora, che \u00e8 stata posta in isolamento al reparto di malattie infettive dell\u2019ospedale Cervello, \u00e8 pienamente cosciente e mi \u00e8 stato riferito che non presenta particolari condizioni di malessere. Ringrazio tutti gli operatori perch\u00e9 la macchina sanitaria regionale si \u00e8 mossa con prontezza ed ha dimostrato di essere pienamente allertata. Al termine degli accertamenti daremo tutte le informazioni necessarie.<br \/>\nAbbiamo immediatamente informato \u2013 dice il presidente della Regione siciliana Nello Musumeci \u2013 la task force nazionale e l\u2019Istituto Superiore di Sanit\u00e0 per concordare le procedure da adottare. Siamo impegnati dalla notte a mettere in atto le procedure previste, che sono state immediatamente eseguite grazie al lavoro di questi giorni\u201d. Musumeci \u00e8 in stretto contatto col sindaco di Palermo Leoluca Orlando e con il prefetto Antonella De Miro.<div id=\"div-gpt-ad-Messinaoggi.it-DSK-300x250-corpoart\" style=\"text-align:center;margin:0 auto;\"><\/div><\/p>\n<div id=\"lasic-144665330\" class=\"lasic-dopo-il-contenuto\"><\/div>\n<div id=\"videoincontent\" style=\"clear:both\";><\/div>","protected":false},"excerpt":{"rendered":"<p>Risultata positiva al Coronavirus la turista di Bergamo in vacanza a Palermo che ieri sera \u00e8 stata ricoverata nell\u2019ospedale \u201cCervello\u201d per i controlli dopo aver mostrato sintomi influenzali. Lo conferma la Regione siciliana. \u201cAbbiamo un sospetto caso positivo risultato tale all\u2019esame del tampone\u201d. E\u2019 stata disposta la quarantena per il gruppo di amici della donna [&hellip;]<\/p>\n","protected":false},"author":4,"featured_media":39986,"comment_status":"closed","ping_status":"closed","sticky":false,"template":"","format":"standard","meta":{"ub_ctt_via":"","_mi_skip_tracking":false},"categories":[6],"tags":[],"featured_image_src":"https:\/\/www.messinaoggi.it\/website\/wp-content\/uploads\/2020\/01\/IMG-20200126-WA0001-650x366-650x366-1.jpg","author_info":{"display_name":"redme","author_link":"https:\/\/www.messinaoggi.it\/website\/author\/redme\/"},"digistream_id":0,"digistream":false,"_links":{"self":[{"href":"https:\/\/www.messinaoggi.it\/website\/wp-json\/wp\/v2\/posts\/40654"}],"collection":[{"href":"https:\/\/www.messinaoggi.it\/website\/wp-json\/wp\/v2\/posts"}],"about":[{"href":"https:\/\/www.messinaoggi.it\/website\/wp-json\/wp\/v2\/types\/post"}],"author":[{"embeddable":true,"href":"https:\/\/www.messinaoggi.it\/website\/wp-json\/wp\/v2\/users\/4"}],"replies":[{"embeddable":true,"href":"https:\/\/www.messinaoggi.it\/website\/wp-json\/wp\/v2\/comments?post=40654"}],"version-history":[{"count":0,"href":"https:\/\/www.messinaoggi.it\/website\/wp-json\/wp\/v2\/posts\/40654\/revisions"}],"wp:featuredmedia":[{"embeddable":true,"href":"https:\/\/www.messinaoggi.it\/website\/wp-json\/wp\/v2\/media\/39986"}],"wp:attachment":[{"href":"https:\/\/www.messinaoggi.it\/website\/wp-json\/wp\/v2\/media?parent=40654"}],"wp:term":[{"taxonomy":"category","embeddable":true,"href":"https:\/\/www.messinaoggi.it\/website\/wp-json\/wp\/v2\/categories?post=40654"},{"taxonomy":"post_tag","embeddable":true,"href":"https:\/\/www.messinaoggi.it\/website\/wp-json\/wp\/v2\/tags?post=40654"}],"curies":[{"name":"wp","href":"https:\/\/api.w.org\/{rel}","templated":true}]}}