{"id":40621,"date":"2020-02-24T18:45:43","date_gmt":"2020-02-24T17:45:43","guid":{"rendered":"https:\/\/www.messinaoggi.it\/website\/?p=40621"},"modified":"2020-02-24T18:45:43","modified_gmt":"2020-02-24T17:45:43","slug":"coronavirus-il-sindaco-chiama-a-raccolta-le-istituzioni","status":"publish","type":"post","link":"https:\/\/www.messinaoggi.it\/website\/2020\/02\/24\/coronavirus-il-sindaco-chiama-a-raccolta-le-istituzioni\/","title":{"rendered":"Coronavirus, il sindaco chiama a raccolta le istituzioni: &quot;Aspettiamo confronto con il prefetto&quot;"},"content":{"rendered":"<div>\n<p style=\"text-align: justify;\">Anche Messina si \u00e8 messa in noto per non farsi trovare impreparata qualora si dovessero verificare casi di contagio in citt\u00e0. Questa mattina si \u00e8<span id=\"fbPhotoSnowliftCaption\" class=\"fbPhotosPhotoCaption\" tabindex=\"0\" aria-live=\"polite\" data-ft=\"{&quot;tn&quot;:&quot;K&quot;}\"><span class=\"hasCaption\">\u00a0svolto in sala giunta un confronto tra assessori consiglieri e presidenti delle municipalit\u00e0 sulle misure cautelari da assumere sul Coronavirus previa concertazione con la Prefettura.<\/span><\/span><div id=\"div-gpt-ad-Messinaoggi.it-DSK-300x250-corpoart\" style=\"text-align:center;margin:0 auto;\"><\/div><\/p>\n<p style=\"text-align: justify;\">&#8220;In mattinata ci saranno altri incontri con le autorit\u00e0 sanitarie locali ed alle ore 15:00 il tavolo si riunir\u00e0 per stabilire il da farsi&#8221;. Scrive il sindaco Cateno De Luca sul suo profilo Fb.<div id=\"videoincontent\" style=\"clear:both\";><\/div><\/p>\n<p style=\"text-align: justify;\">Il sindaco non ha ritenuto opportuno al momento annullare alcun evento, come il &#8220;Pignolata-Day&#8221;, previsto oggi pomeriggio in concomitanza con la riunione avente come tema il &#8220;Coronavirus&#8221;.<\/p>\n<p style=\"text-align: justify;\"><strong>Aggiornamento incontro pomeridiano<\/strong><\/p>\n<p style=\"text-align: justify;\">&#8220;Siamo in attesa di confrontarci con il Prefetto in merito ai seguenti aspetti che dovrebbero rientrare nelle competenze del Sindaco quale massima autorit\u00e0 sanitaria locale: Imporre lo screening sanitario a coloro che provengono dalle regioni dove sono stati assunti provvedimenti restrittivi per la d<span class=\"text_exposed_show\">iffusione del CORONAVIRUS;<\/span> Imporre lo screening sanitario a chi sbarca con i traghetti; Vietare gite ed attivit\u00e0 di assembramento.<\/p>\n<div class=\"text_exposed_show\">\n<p style=\"text-align: justify;\">In serata ci confronteremo con la Prefettura ed assumeremo le decisioni consequenziali. Spero invece che il nostro sistema sanitario siciliano si attrezzi per ogni evenienza!&#8221;<\/p>\n<p>Conclude cos\u00ec il primo cittadino Cateno De Luca.\n<\/p><\/div>\n<\/div>\n<div class=\"_xlr\">\n<div id=\"fbPhotoSnowliftProductMiniListHscroll\" class=\"fbCommerceProductMiniListHscroll\"><\/div>\n<div id=\"fbPhotoSnowliftLegacyTagList\" class=\"pts fbPhotoLegacyTagList\">\n<div><\/div>\n<\/div>\n<div id=\"fbPhotoSnowliftCallToActionButton\" class=\"fbPhotosPhotoButtons\"><\/div>\n<div id=\"fbPhotoSnowliftPhotoFundraiser\"><\/div>\n<div id=\"fbPhotoSnowliftOwnerButtons\" class=\"mvm fbPhotosPhotoOwnerButtons stat_elem\"><\/div>\n<div id=\"fbPhotoSnowliftOriginalStory\" class=\"_56lj\"><\/div>\n<div id=\"fbPhotoSnowliftComputerVisionAnnotation\" class=\"fbPhotosPhotoCVAnnotation\"><\/div>\n<\/div>\n<div id=\"fbPhotoSnowliftVideoFundraiser\"><\/div>\n<div id=\"fbPhotoSnowliftViews\" class=\"_4p3v\"><\/div>\n<form id=\"u_16_2\" class=\"fbPhotosSnowliftFeedbackForm commentable_item collapsible_comments\" action=\"https:\/\/www.facebook.com\/ajax\/ufi\/modify.php\" method=\"post\" data-ft=\"{&quot;tn&quot;:&quot;]&quot;}\">\n<div id=\"fbPhotoSnowliftFeedback\" class=\"fbPhotosSnowliftFeedback\"><\/div>\n<div>\n<div>\n<div class=\"_6iib\" data-testid=\"fbSnowliftUFI\/feedbackSummary\">\n<div class=\"_6iic\">\n<div class=\"_6iid\"><\/div>\n<\/div>\n<\/div>\n<\/div>\n<\/div>\n<\/form>\n","protected":false},"excerpt":{"rendered":"<p>Anche Messina si \u00e8 messa in noto per non farsi trovare impreparata qualora si dovessero verificare casi di contagio in citt\u00e0. Questa mattina si \u00e8\u00a0svolto in sala giunta un confronto tra assessori consiglieri e presidenti delle municipalit\u00e0 sulle misure cautelari da assumere sul Coronavirus previa concertazione con la Prefettura. &#8220;In mattinata ci saranno altri incontri [&hellip;]<\/p>\n","protected":false},"author":2,"featured_media":40623,"comment_status":"closed","ping_status":"closed","sticky":false,"template":"","format":"standard","meta":{"ub_ctt_via":"","_mi_skip_tracking":false},"categories":[6],"tags":[],"featured_image_src":"https:\/\/www.messinaoggi.it\/website\/wp-content\/uploads\/2020\/02\/87323926_620135725229646_119693583124004864_o.jpg","author_info":{"display_name":"Redazione","author_link":"https:\/\/www.messinaoggi.it\/website\/author\/redazione\/"},"digistream_id":0,"digistream":false,"_links":{"self":[{"href":"https:\/\/www.messinaoggi.it\/website\/wp-json\/wp\/v2\/posts\/40621"}],"collection":[{"href":"https:\/\/www.messinaoggi.it\/website\/wp-json\/wp\/v2\/posts"}],"about":[{"href":"https:\/\/www.messinaoggi.it\/website\/wp-json\/wp\/v2\/types\/post"}],"author":[{"embeddable":true,"href":"https:\/\/www.messinaoggi.it\/website\/wp-json\/wp\/v2\/users\/2"}],"replies":[{"embeddable":true,"href":"https:\/\/www.messinaoggi.it\/website\/wp-json\/wp\/v2\/comments?post=40621"}],"version-history":[{"count":0,"href":"https:\/\/www.messinaoggi.it\/website\/wp-json\/wp\/v2\/posts\/40621\/revisions"}],"wp:featuredmedia":[{"embeddable":true,"href":"https:\/\/www.messinaoggi.it\/website\/wp-json\/wp\/v2\/media\/40623"}],"wp:attachment":[{"href":"https:\/\/www.messinaoggi.it\/website\/wp-json\/wp\/v2\/media?parent=40621"}],"wp:term":[{"taxonomy":"category","embeddable":true,"href":"https:\/\/www.messinaoggi.it\/website\/wp-json\/wp\/v2\/categories?post=40621"},{"taxonomy":"post_tag","embeddable":true,"href":"https:\/\/www.messinaoggi.it\/website\/wp-json\/wp\/v2\/tags?post=40621"}],"curies":[{"name":"wp","href":"https:\/\/api.w.org\/{rel}","templated":true}]}}