{"id":40573,"date":"2020-02-22T11:03:05","date_gmt":"2020-02-22T10:03:05","guid":{"rendered":"https:\/\/www.messinaoggi.it\/website\/?p=40573"},"modified":"2020-02-22T11:03:05","modified_gmt":"2020-02-22T10:03:05","slug":"de-luca-apostrofa-con-capre-i-dirigenti-comunali-fp-cgil-inaccettabile","status":"publish","type":"post","link":"https:\/\/www.messinaoggi.it\/website\/2020\/02\/22\/de-luca-apostrofa-con-capre-i-dirigenti-comunali-fp-cgil-inaccettabile\/","title":{"rendered":"De Luca apostrofa con &quot;capre&quot; i dirigenti comunali, Fp Cgil: &quot;Inaccettabile&quot;"},"content":{"rendered":"<p>\u00c8 di nuovo polemica sulle esternazioni del sindaco Cateno De Luca nei confronti dei lavoratori di Palazzo Zanca. Il primo cittadino in un recente post su Facebook ha definito capre i dirigenti comunali, suscitando l&#8217;immediata indignazione del segretario della Fp Cgil di Messina, Francesco Fucile, che al riguardo ha commentato: &#8220;Non riteniamo accettabile che il sindaco si esprima in questi termini. Cos\u00ec facendo, a nostro avviso, non fa altro che alimentare quel senso di incivilt\u00e0 civica e morale che \u00e8 il primo a combattere e contrastare con i suoi continui blitz. Le parole, soprattutto se pronunciate da chi riveste un ruolo istituzionale apicale come quello ricoperto da De Luca, hanno un peso doppio, perch\u00e9 chi parla dovrebbe anche rappresentare un esempio per la comunit\u00e0 che lo ha eletto&#8221;.<br \/>\n&#8220;Capiamo bene che gli attacchi via social, soprattutto se rivolti a certe categorie di lavoratori, arrivano in modo ancor pi\u00f9 efficace e diretto alla pancia delle persone, &#8211; prosegue Fucile &#8211; ma rimane il fatto che l\u2019aspetto umano di cui De luca tanto parla, viene puntualmente sacrificato sull\u2019altare della gogna social-mediatica su cui il sindaco ama far finire tante, troppo persone, per il solo fatto di contrastarlo. Non importa se il bersaglio siano dirigenti, uscieri, attacchini o semplici cittadini, non importa che reddito abbiano perch\u00e9 si tratta di persone e nessuno deve permettersi di calpestarne la dignit\u00e0 siano essi dirigenti o semplici cittadini. Ieri i dipendenti, oggi i dirigenti, domani chiss\u00e0 chi ma guarda caso mai le persone di chi si attornia anche se alcuni potrebbero rientrare a pieno titolo nelle categorie verbali che il sindaco usa solo per gli altri.<br \/>\n&#8220;Il primo cittadino ama tanto ripetere che mira ad essere ricordato come il sindaco che regaler\u00e0 un nuovo volto alla citt\u00e0 di Messina, sotto tutti i punti di vista. Ebbene, lo rassicuriamo: che tenti di farsi ricordare per la buona gestione amministrativa perch\u00e9 se non sar\u00e0 per questo, certamente verr\u00e0 ricordato per essere stato il primo cittadino che pi\u00f9 di ogni altro ha offeso e spesso attaccato ingiustamente le centinaia di persone che quotidianamente, nel bene o nel male, lavorano per portare avanti la macchina comunale o chiunque in citt\u00e0 esprima un pensiero difforme dal suo&#8221;.<div id=\"div-gpt-ad-Messinaoggi.it-DSK-300x250-corpoart\" style=\"text-align:center;margin:0 auto;\"><\/div><\/p>\n<div id=\"videoincontent\" style=\"clear:both\";><\/div>","protected":false},"excerpt":{"rendered":"<p>\u00c8 di nuovo polemica sulle esternazioni del sindaco Cateno De Luca nei confronti dei lavoratori di Palazzo Zanca. Il primo cittadino in un recente post su Facebook ha definito capre i dirigenti comunali, suscitando l&#8217;immediata indignazione del segretario della Fp Cgil di Messina, Francesco Fucile, che al riguardo ha commentato: &#8220;Non riteniamo accettabile che il [&hellip;]<\/p>\n","protected":false},"author":8,"featured_media":40575,"comment_status":"closed","ping_status":"closed","sticky":false,"template":"","format":"standard","meta":{"ub_ctt_via":"","_mi_skip_tracking":false},"categories":[4],"tags":[],"featured_image_src":"https:\/\/www.messinaoggi.it\/website\/wp-content\/uploads\/2020\/02\/francesco-fucile.jpg","author_info":{"display_name":"red..me","author_link":"https:\/\/www.messinaoggi.it\/website\/author\/redstage\/"},"digistream_id":0,"digistream":false,"_links":{"self":[{"href":"https:\/\/www.messinaoggi.it\/website\/wp-json\/wp\/v2\/posts\/40573"}],"collection":[{"href":"https:\/\/www.messinaoggi.it\/website\/wp-json\/wp\/v2\/posts"}],"about":[{"href":"https:\/\/www.messinaoggi.it\/website\/wp-json\/wp\/v2\/types\/post"}],"author":[{"embeddable":true,"href":"https:\/\/www.messinaoggi.it\/website\/wp-json\/wp\/v2\/users\/8"}],"replies":[{"embeddable":true,"href":"https:\/\/www.messinaoggi.it\/website\/wp-json\/wp\/v2\/comments?post=40573"}],"version-history":[{"count":0,"href":"https:\/\/www.messinaoggi.it\/website\/wp-json\/wp\/v2\/posts\/40573\/revisions"}],"wp:featuredmedia":[{"embeddable":true,"href":"https:\/\/www.messinaoggi.it\/website\/wp-json\/wp\/v2\/media\/40575"}],"wp:attachment":[{"href":"https:\/\/www.messinaoggi.it\/website\/wp-json\/wp\/v2\/media?parent=40573"}],"wp:term":[{"taxonomy":"category","embeddable":true,"href":"https:\/\/www.messinaoggi.it\/website\/wp-json\/wp\/v2\/categories?post=40573"},{"taxonomy":"post_tag","embeddable":true,"href":"https:\/\/www.messinaoggi.it\/website\/wp-json\/wp\/v2\/tags?post=40573"}],"curies":[{"name":"wp","href":"https:\/\/api.w.org\/{rel}","templated":true}]}}