{"id":4057,"date":"2017-07-04T16:27:22","date_gmt":"2017-07-04T14:27:22","guid":{"rendered":"http:\/\/www.messinaoggi.it\/website\/?p=4057"},"modified":"2017-07-04T16:27:22","modified_gmt":"2017-07-04T14:27:22","slug":"educazione-ambientale-comune-si-dispone-a-saltare-verso-mistero","status":"publish","type":"post","link":"https:\/\/www.messinaoggi.it\/website\/2017\/07\/04\/educazione-ambientale-comune-si-dispone-a-saltare-verso-mistero\/","title":{"rendered":"Educazione ambientale, Comune \u201csi dispone a saltare verso Mistero\u201d"},"content":{"rendered":"<p style=\"text-align: justify\">Non sar\u00e0 un salto nel vuoto o nel buio ma una disposizione d\u2019animo verso qualcosa d\u2019infinito, il Mistero, spinto per\u00f2 da qualcosa di ben pi\u00f9 materiale: la stipula di un accordo. Il Comune di Messina fa proprio un passaggio della \u201cEnciclica Laudato S\u00ec\u201d per riassumere il suo pensiero sulla conquista incassata. <strong>Sottoscriver\u00e0 con Arpa Sicilia gioved\u00ec 6, alle ore 10, nella Sala Falcone Borsellino di Palazzo Zanca, il \u201cProtocollo d\u2019Intesa per l\u2019organizzazione di iniziative di valorizzazione della Biodiversit\u00e0<\/strong>, per la sperimentazione e diffusione di pratiche di sostenibilit\u00e0 ambientale e la promozione di una rete\/laboratorio di Educazione Formazione Informazione Ambientale\u201d. Tutto questo a seguito dell\u2019adozione della Carta d\u2019Intenti per l\u2019istituzione del Forum del sistema In.F.E.A., come deliberato dalla Giunta municipale lo scorso marted\u00ec 13 giugno.<div id=\"div-gpt-ad-Messinaoggi.it-DSK-300x250-corpoart\" style=\"text-align:center;margin:0 auto;\"><\/div><\/p>\n<p style=\"text-align: justify\">L\u2019Amministrazione comunale esprime soddisfazione cos\u00ec: \u201cL\u2019educazione ambientale \u00e8 andata allargando i suoi obiettivi. Se all\u2019inizio era molto centrata sull\u2019informazione scientifica e sulla presa di coscienza e prevenzione dei rischi ambientali, ora tende a includere una critica dei \u201cmiti\u201d della modernit\u00e0 basati sulla ragione strumentale (individualismo, progresso indefinito, concorrenza, consumismo, mercato senza regole) e anche a recuperare i diversi livelli dell\u2019<strong>equilibrio ecologico: quello interiore con s\u00e9 stessi, quello solidale con gli altri, quello naturale con tutti gli esseri viventi, quello spirituale con Dio. L\u2019educazione ambientale dovrebbe disporci a fare quel salto verso il Mistero<\/strong>, da cui un\u2019etica ecologica trae il suo senso pi\u00f9 profondo. D\u2019altra parte, ci sono educatori capaci di reimpostare gli itinerari pedagogici di un\u2019etica ecologica, in modo che aiutino effettivamente a crescere nella solidariet\u00e0, nella responsabilit\u00e0 e nella cura basata sulla compassione\u201d.<div id=\"videoincontent\" style=\"clear:both\";><\/div><\/p>\n<p style=\"text-align: justify\">L\u2019<strong>accordo sar\u00e0 siglato dal sindaco, Renato Accorinti e dal direttore generale di ARPA Sicilia, Francesco Licata di Baucina, che ha dichiarato: \u201cARPA SICILIA, attraverso il Laboratorio In.F.E.A. \u00e8 costantemente impegnata per la valorizzazione della cultura ambientale<\/strong>. Dall\u2019informazione alla formazione fino alla sempre pi\u00f9 frequente diffusione delle attivit\u00e0 di educazione ambientale l\u2019Agenzia, per il tramite dei nodi InFEA, ha contribuito a far crescere in Sicilia una nuova sensibilit\u00e0 ambientale. La nascita di un nuovo nodo InFEA a Messina, che segue di poco l\u2019analogo protocollo sottoscritto a Palermo, testimonia la vitalit\u00e0 di una rete che continua a crescere ed \u00e8 oramai matura per garantire la piena attuazione dei processi di sostenibilit\u00e0 in Sicilia\u201d.<\/p>\n<p> <\/p>\n","protected":false},"excerpt":{"rendered":"<p>Non sar\u00e0 un salto nel vuoto o nel buio ma una disposizione d\u2019animo verso qualcosa d\u2019infinito, il Mistero, spinto per\u00f2 da qualcosa di ben pi\u00f9 materiale: la stipula di un accordo. Il Comune di Messina fa proprio un passaggio della \u201cEnciclica Laudato S\u00ec\u201d per riassumere il suo pensiero sulla conquista incassata. Sottoscriver\u00e0 con Arpa Sicilia [&hellip;]<\/p>\n","protected":false},"author":7,"featured_media":4060,"comment_status":"closed","ping_status":"open","sticky":false,"template":"","format":"standard","meta":{"ub_ctt_via":"","_mi_skip_tracking":false},"categories":[5],"tags":[],"featured_image_src":"https:\/\/www.messinaoggi.it\/website\/wp-content\/uploads\/2017\/07\/bambini-giardinieri-messinaoggi-2.jpg","author_info":{"display_name":"Redazione1","author_link":"https:\/\/www.messinaoggi.it\/website\/author\/redazione1\/"},"digistream_id":0,"digistream":false,"_links":{"self":[{"href":"https:\/\/www.messinaoggi.it\/website\/wp-json\/wp\/v2\/posts\/4057"}],"collection":[{"href":"https:\/\/www.messinaoggi.it\/website\/wp-json\/wp\/v2\/posts"}],"about":[{"href":"https:\/\/www.messinaoggi.it\/website\/wp-json\/wp\/v2\/types\/post"}],"author":[{"embeddable":true,"href":"https:\/\/www.messinaoggi.it\/website\/wp-json\/wp\/v2\/users\/7"}],"replies":[{"embeddable":true,"href":"https:\/\/www.messinaoggi.it\/website\/wp-json\/wp\/v2\/comments?post=4057"}],"version-history":[{"count":0,"href":"https:\/\/www.messinaoggi.it\/website\/wp-json\/wp\/v2\/posts\/4057\/revisions"}],"wp:featuredmedia":[{"embeddable":true,"href":"https:\/\/www.messinaoggi.it\/website\/wp-json\/wp\/v2\/media\/4060"}],"wp:attachment":[{"href":"https:\/\/www.messinaoggi.it\/website\/wp-json\/wp\/v2\/media?parent=4057"}],"wp:term":[{"taxonomy":"category","embeddable":true,"href":"https:\/\/www.messinaoggi.it\/website\/wp-json\/wp\/v2\/categories?post=4057"},{"taxonomy":"post_tag","embeddable":true,"href":"https:\/\/www.messinaoggi.it\/website\/wp-json\/wp\/v2\/tags?post=4057"}],"curies":[{"name":"wp","href":"https:\/\/api.w.org\/{rel}","templated":true}]}}