{"id":40565,"date":"2020-02-22T09:20:30","date_gmt":"2020-02-22T08:20:30","guid":{"rendered":"https:\/\/www.messinaoggi.it\/website\/?p=40565"},"modified":"2020-02-22T09:20:30","modified_gmt":"2020-02-22T08:20:30","slug":"dramma-al-carnevale-di-sciacca-bimbo-di-4-cade-dal-carro-e-muore","status":"publish","type":"post","link":"https:\/\/www.messinaoggi.it\/website\/2020\/02\/22\/dramma-al-carnevale-di-sciacca-bimbo-di-4-cade-dal-carro-e-muore\/","title":{"rendered":"Dramma al Carnevale di Sciacca: bimbo di 4 cade dal carro e muore"},"content":{"rendered":"<p>Un bambino di 4 anni \u00e8 morto ieri sera cadendo da uno dei carri allegorici che sfilavano per le vie di Sciacca. La manifestazione \u00e8 stata annullata.<br \/>\nSecondo una prima ricostruzione il bimbo \u00e8 stato messo sul carro \u201cVolere volare\u201d, dell\u2019associazione \u201cE ora li femmi tu\u201d, mentre era fermo, dal padre che voleva scattargli qualche foto. Appena il carro trainato da un trattore si \u00e8 messo in movimento il bimbo ha perso l\u2019equilibrio cadendo a terra e sbattendo la testa.<br \/>\nIl bambino \u00e8 stato portato all\u2019ospedale &#8220;Giovanni Paolo II&#8221; di Sciacca dove sono andati i familiari, straziati, e il sindaco di Sciacca, Francesca Valenti.<div id=\"div-gpt-ad-Messinaoggi.it-DSK-300x250-corpoart\" style=\"text-align:center;margin:0 auto;\"><\/div><\/p>\n<div id=\"videoincontent\" style=\"clear:both\";><\/div>","protected":false},"excerpt":{"rendered":"<p>Un bambino di 4 anni \u00e8 morto ieri sera cadendo da uno dei carri allegorici che sfilavano per le vie di Sciacca. La manifestazione \u00e8 stata annullata. Secondo una prima ricostruzione il bimbo \u00e8 stato messo sul carro \u201cVolere volare\u201d, dell\u2019associazione \u201cE ora li femmi tu\u201d, mentre era fermo, dal padre che voleva scattargli qualche [&hellip;]<\/p>\n","protected":false},"author":4,"featured_media":2143,"comment_status":"closed","ping_status":"closed","sticky":false,"template":"","format":"standard","meta":{"ub_ctt_via":"","_mi_skip_tracking":false},"categories":[11],"tags":[],"featured_image_src":"https:\/\/www.messinaoggi.it\/website\/wp-content\/uploads\/2017\/06\/118-ambulanza-2.jpg","author_info":{"display_name":"redme","author_link":"https:\/\/www.messinaoggi.it\/website\/author\/redme\/"},"digistream_id":0,"digistream":false,"_links":{"self":[{"href":"https:\/\/www.messinaoggi.it\/website\/wp-json\/wp\/v2\/posts\/40565"}],"collection":[{"href":"https:\/\/www.messinaoggi.it\/website\/wp-json\/wp\/v2\/posts"}],"about":[{"href":"https:\/\/www.messinaoggi.it\/website\/wp-json\/wp\/v2\/types\/post"}],"author":[{"embeddable":true,"href":"https:\/\/www.messinaoggi.it\/website\/wp-json\/wp\/v2\/users\/4"}],"replies":[{"embeddable":true,"href":"https:\/\/www.messinaoggi.it\/website\/wp-json\/wp\/v2\/comments?post=40565"}],"version-history":[{"count":0,"href":"https:\/\/www.messinaoggi.it\/website\/wp-json\/wp\/v2\/posts\/40565\/revisions"}],"wp:featuredmedia":[{"embeddable":true,"href":"https:\/\/www.messinaoggi.it\/website\/wp-json\/wp\/v2\/media\/2143"}],"wp:attachment":[{"href":"https:\/\/www.messinaoggi.it\/website\/wp-json\/wp\/v2\/media?parent=40565"}],"wp:term":[{"taxonomy":"category","embeddable":true,"href":"https:\/\/www.messinaoggi.it\/website\/wp-json\/wp\/v2\/categories?post=40565"},{"taxonomy":"post_tag","embeddable":true,"href":"https:\/\/www.messinaoggi.it\/website\/wp-json\/wp\/v2\/tags?post=40565"}],"curies":[{"name":"wp","href":"https:\/\/api.w.org\/{rel}","templated":true}]}}