{"id":4054,"date":"2017-07-04T15:39:14","date_gmt":"2017-07-04T13:39:14","guid":{"rendered":"http:\/\/www.messinaoggi.it\/website\/?p=4054"},"modified":"2017-07-04T15:39:14","modified_gmt":"2017-07-04T13:39:14","slug":"partenze-a-san-saba-8-luglio-festa-talenti-de-le-scalinate-dellarte","status":"publish","type":"post","link":"https:\/\/www.messinaoggi.it\/website\/2017\/07\/04\/partenze-a-san-saba-8-luglio-festa-talenti-de-le-scalinate-dellarte\/","title":{"rendered":"\u201cPartenze\u201d a San Saba 8 luglio, festa talenti de \u201cLe Scalinate dell\u2019Arte\u201d"},"content":{"rendered":"<p style=\"text-align: justify\">L\u2019incendio dei giorni scorsi sul versante tirrenico non ha fermato la festa ma solo rinviata <strong>all\u2019Oasi Azzurra di San Saba<\/strong>. <strong>\u201cPartenze\u201d, il meeting riservato ad inviti dedicato agli artisti de \u201cLe Scalinate dell\u2019Arte\u201d, \u00e8 stato posticipato a sabato 8, con inizio alle ore 18<\/strong>. Si completa cos\u00ec, in questa formula pi\u00f9 privata, l\u2019esperienza di anni di impegno, dibattito, confronti e mostre del progetto pluriennale per l\u2019arte e gli artisti contemporanei messinesi, con il Comune di Messina come capofila e la societ\u00e0 Team Project come partner, finanziato nell\u2019ambito del Po Fesr Sicilia 2007-2013.<div id=\"div-gpt-ad-Messinaoggi.it-DSK-300x250-corpoart\" style=\"text-align:center;margin:0 auto;\"><\/div><\/p>\n<p style=\"text-align: justify\">Con l\u2019obiettivo di attivare, supportare e agevolare l\u2019incontro tra l\u2019arte e gli artisti messinesi della contemporaneit\u00e0 con il territorio, la cittadinanza, gli appassionati e i curiosi, nell\u2019ambito de \u201cLe Scalinate dell\u2019Arte\u201d \u00e8 stata realizzata una serie imponente di mostre-evento, esposizioni personali e collettive, antologiche e a tema, di pittura e scultura, installazioni e fotografie.<div id=\"videoincontent\" style=\"clear:both\";><\/div><\/p>\n<p style=\"text-align: justify\"><strong>Con \u201cPartenze\u201d si vuole dare una nuova occasione, pi\u00f9 libera, di incontro e dialogo agli artisti che sono stati protagonisti di questa esperienza, dai maestri ai nuovi talenti<\/strong>: Lillo Messina, Bruno Samperi, Pina Inferrera, MaCa, Santo Arizzi, Giuditta R, Giuseppe Raffaele. Al loro fianco gli eredi \u2013 e curatori \u2013 degli inediti di Felice Canonico, in testa il nipote Salvatore D\u2019Arrigo, i fotografi che hanno partecipato alla mostra \u201cVisioni del mito\u201d, il gruppo di ricercatori che hanno lavorato al portale dedicato, i componenti delle commissioni che hanno aggiudicato i bandi per nuove opere. Invitati al meeting anche gli artisti protagonisti di una serie di videointerviste che \u201cLe Scalinate dell\u2019Arte\u201d hanno realizzato in parallelo alle mostre. E tutti i professionisti che hanno collaborato al progetto.<\/p>\n<p style=\"text-align: justify\">Il <strong>programma prevede il raduno alle ore 18; alle 19 la degustazione di vino Faro D.O.C. e prodotti tipici del territorio; alle 20 le videoproiezioni<\/strong>: si replicher\u00e0 il Videomapping \u201cGerme\u201d e, a seguire, saranno proiettate le videointerviste realizzate da \u201cLe Scalinate\u201d con Angelo Campolo, Annibale Pavone, Bruno Samperi, Carmelo Pugliatti, Federica De Cola, Francesca Borgia, Francesco Mento, Giacomo Farina, Giampiero Cicci\u00f2, Lillo Messina, Linda Schipani, Luigi Ghersi, Maniaci D\u2019Amore, Maria Costa, Maria Cristina Sar\u00f2, Maurizio Marchetti, Ninni Bruschetta, Paride Acacia, Piero Serboli, Pietro Mantilla, Riccardo Orlando, Stello Quartarone, Tony Canto, Tino Caspanello e Togo.<\/p>\n<p style=\"text-align: justify\">Alle 21 sar\u00e0 il momento della degustazione di pietanze tipiche messinesi e siciliane, accompagnate dai vini Biologici dell\u2019azienda vinicola Funaro. Quindi la parte dedicata allo spettacolo: alle 21.30 si esibir\u00e0 il trio jazz Le Roy Manuche e alle 22 circa si terr\u00e0 la performance \u201cAncora non ho cominciato\u201d con Maria Pia Rizzo e Stefania Pecora. A chiusura la degustazione di dolci tipici messinesi.<\/p>\n<p> <\/p>\n","protected":false},"excerpt":{"rendered":"<p>L\u2019incendio dei giorni scorsi sul versante tirrenico non ha fermato la festa ma solo rinviata all\u2019Oasi Azzurra di San Saba. \u201cPartenze\u201d, il meeting riservato ad inviti dedicato agli artisti de \u201cLe Scalinate dell\u2019Arte\u201d, \u00e8 stato posticipato a sabato 8, con inizio alle ore 18. Si completa cos\u00ec, in questa formula pi\u00f9 privata, l\u2019esperienza di anni [&hellip;]<\/p>\n","protected":false},"author":7,"featured_media":4055,"comment_status":"closed","ping_status":"open","sticky":false,"template":"","format":"standard","meta":{"ub_ctt_via":"","_mi_skip_tracking":false},"categories":[5],"tags":[],"featured_image_src":"https:\/\/www.messinaoggi.it\/website\/wp-content\/uploads\/2017\/07\/san-saba-tramonto-oasi-azzurra-messinaoggi-2.jpg","author_info":{"display_name":"Redazione1","author_link":"https:\/\/www.messinaoggi.it\/website\/author\/redazione1\/"},"digistream_id":0,"digistream":false,"_links":{"self":[{"href":"https:\/\/www.messinaoggi.it\/website\/wp-json\/wp\/v2\/posts\/4054"}],"collection":[{"href":"https:\/\/www.messinaoggi.it\/website\/wp-json\/wp\/v2\/posts"}],"about":[{"href":"https:\/\/www.messinaoggi.it\/website\/wp-json\/wp\/v2\/types\/post"}],"author":[{"embeddable":true,"href":"https:\/\/www.messinaoggi.it\/website\/wp-json\/wp\/v2\/users\/7"}],"replies":[{"embeddable":true,"href":"https:\/\/www.messinaoggi.it\/website\/wp-json\/wp\/v2\/comments?post=4054"}],"version-history":[{"count":0,"href":"https:\/\/www.messinaoggi.it\/website\/wp-json\/wp\/v2\/posts\/4054\/revisions"}],"wp:featuredmedia":[{"embeddable":true,"href":"https:\/\/www.messinaoggi.it\/website\/wp-json\/wp\/v2\/media\/4055"}],"wp:attachment":[{"href":"https:\/\/www.messinaoggi.it\/website\/wp-json\/wp\/v2\/media?parent=4054"}],"wp:term":[{"taxonomy":"category","embeddable":true,"href":"https:\/\/www.messinaoggi.it\/website\/wp-json\/wp\/v2\/categories?post=4054"},{"taxonomy":"post_tag","embeddable":true,"href":"https:\/\/www.messinaoggi.it\/website\/wp-json\/wp\/v2\/tags?post=4054"}],"curies":[{"name":"wp","href":"https:\/\/api.w.org\/{rel}","templated":true}]}}