{"id":40489,"date":"2020-02-19T19:30:58","date_gmt":"2020-02-19T18:30:58","guid":{"rendered":"https:\/\/www.messinaoggi.it\/website\/?p=40489"},"modified":"2020-02-19T19:30:58","modified_gmt":"2020-02-19T18:30:58","slug":"sventolano-nuovi-vessilli-a-palazzo-zanca","status":"publish","type":"post","link":"https:\/\/www.messinaoggi.it\/website\/2020\/02\/19\/sventolano-nuovi-vessilli-a-palazzo-zanca\/","title":{"rendered":"Sventolano nuovi vessilli a Palazzo Zanca"},"content":{"rendered":"<p><span style=\"color: #000000; font-family: 'times new roman', 'new york', times, serif; line-height: 20.7999992370605px; background-color: #f9f9f9;\">Sono state sostituite le bandiere poste sulla facciata di Palazzo Zanca. I quattro vessilli, che rappresentano l\u2019Unione Europea, l\u2019Italia, la Regione Sicilia e la citt\u00e0 di Messina, apparivano logori ed usurati in quanto risalenti ad oltre un decennio addietro.<\/span><br \/>\n<span style=\"color: #000000; font-family: 'times new roman', 'new york', times, serif; line-height: 20.7999992370605px; background-color: #f9f9f9;\">\u201cUn atto doveroso \u2013 ha commentato il vice sindaco, Salvatore Mondello \u2013 espressione di valori da salvaguare e che, purtroppo, oggi appaiono sempre pi\u00f9 desueti. La legge regolamenta l\u2019utilizzo e l\u2019esposizione delle bandiere, alle quali si deve il giusto rispetto, in particolare nella sede istituzionale dell\u2019Amministrazione comunale.<\/span><br \/>\n<span style=\"color: #000000; font-family: 'times new roman', 'new york', times, serif; line-height: 20.7999992370605px; background-color: #f9f9f9;\">La bandiera raffigura l\u2019unione di intenti, suscita il sentimento di appartenenza ad un territorio come simbolo di identit\u00e0 locale ed ha pertanto una forte carica di significato che, da amministratore della comunit\u00e0 che mi onoro di rappresentare, auspico possa essere in cima ai valori di questa citt\u00e0\u201d.<\/span><div id=\"div-gpt-ad-Messinaoggi.it-DSK-300x250-corpoart\" style=\"text-align:center;margin:0 auto;\"><\/div><\/p>\n<div id=\"videoincontent\" style=\"clear:both\";><\/div>","protected":false},"excerpt":{"rendered":"<p>Sono state sostituite le bandiere poste sulla facciata di Palazzo Zanca. I quattro vessilli, che rappresentano l\u2019Unione Europea, l\u2019Italia, la Regione Sicilia e la citt\u00e0 di Messina, apparivano logori ed usurati in quanto risalenti ad oltre un decennio addietro. \u201cUn atto doveroso \u2013 ha commentato il vice sindaco, Salvatore Mondello \u2013 espressione di valori da [&hellip;]<\/p>\n","protected":false},"author":4,"featured_media":40490,"comment_status":"closed","ping_status":"closed","sticky":false,"template":"","format":"standard","meta":{"ub_ctt_via":"","_mi_skip_tracking":false},"categories":[5],"tags":[],"featured_image_src":"https:\/\/www.messinaoggi.it\/website\/wp-content\/uploads\/2020\/02\/7a2417a9-6d08-4f9e-ab6b-be557ebad19f-300x225-1.jpg","author_info":{"display_name":"redme","author_link":"https:\/\/www.messinaoggi.it\/website\/author\/redme\/"},"digistream_id":0,"digistream":false,"_links":{"self":[{"href":"https:\/\/www.messinaoggi.it\/website\/wp-json\/wp\/v2\/posts\/40489"}],"collection":[{"href":"https:\/\/www.messinaoggi.it\/website\/wp-json\/wp\/v2\/posts"}],"about":[{"href":"https:\/\/www.messinaoggi.it\/website\/wp-json\/wp\/v2\/types\/post"}],"author":[{"embeddable":true,"href":"https:\/\/www.messinaoggi.it\/website\/wp-json\/wp\/v2\/users\/4"}],"replies":[{"embeddable":true,"href":"https:\/\/www.messinaoggi.it\/website\/wp-json\/wp\/v2\/comments?post=40489"}],"version-history":[{"count":0,"href":"https:\/\/www.messinaoggi.it\/website\/wp-json\/wp\/v2\/posts\/40489\/revisions"}],"wp:featuredmedia":[{"embeddable":true,"href":"https:\/\/www.messinaoggi.it\/website\/wp-json\/wp\/v2\/media\/40490"}],"wp:attachment":[{"href":"https:\/\/www.messinaoggi.it\/website\/wp-json\/wp\/v2\/media?parent=40489"}],"wp:term":[{"taxonomy":"category","embeddable":true,"href":"https:\/\/www.messinaoggi.it\/website\/wp-json\/wp\/v2\/categories?post=40489"},{"taxonomy":"post_tag","embeddable":true,"href":"https:\/\/www.messinaoggi.it\/website\/wp-json\/wp\/v2\/tags?post=40489"}],"curies":[{"name":"wp","href":"https:\/\/api.w.org\/{rel}","templated":true}]}}