{"id":40477,"date":"2020-02-19T11:22:54","date_gmt":"2020-02-19T10:22:54","guid":{"rendered":"https:\/\/www.messinaoggi.it\/website\/?p=40477"},"modified":"2020-02-19T11:22:54","modified_gmt":"2020-02-19T10:22:54","slug":"piano-del-traffico-siamo-al-de-profundis-del-commercio","status":"publish","type":"post","link":"https:\/\/www.messinaoggi.it\/website\/2020\/02\/19\/piano-del-traffico-siamo-al-de-profundis-del-commercio\/","title":{"rendered":"Piano del traffico, siamo al &quot;de profundis&quot; del commercio?"},"content":{"rendered":"<p style=\"text-align: justify;\">A sentire i commercianti c\u2019\u00e8 grande allarme per il nuovo <strong>Piano viario<\/strong> che rivoluzioner\u00e0 vita e abitudini dei messinesi. Ci\u00f2 che pi\u00f9 li spaventa non sono le <strong>Isole pedonali<\/strong>, ma l\u2019ampia <strong>Ztl<\/strong> che render\u00e0 irraggiungibile il centro cittadino nelle fasce orarie topiche per il commercio.<div id=\"div-gpt-ad-Messinaoggi.it-DSK-300x250-corpoart\" style=\"text-align:center;margin:0 auto;\"><\/div><\/p>\n<p style=\"text-align: justify;\">Siamo ancora alle indiscrezioni, ma se verr\u00e0 confermata l\u2019ampiezza della <strong>Ztl<\/strong> (Zone a traffico limitate), da Boccetta a viale Europa per il commercio cittadino sar\u00e0 il colpo di grazia. Che si aggiunge alle scelte errate della precedente amministrazione guidata dal \u201cvisionario\u201d <strong>Accorinti<\/strong>.<div id=\"videoincontent\" style=\"clear:both\";><\/div><\/p>\n<p style=\"text-align: justify;\">E ci\u00f2 che unisce la vecchia e la nuova amministrazione \u00e8 la mancanza di confronto e dialogo con i \u201cportatori\u201d di interesse. Non ha senso avviare sterili discussioni a \u201c<em>tumulazione avvenuta<\/em>\u201d. Il Piano generale del traffico \u00e8 stato gi\u00e0 predisposto secondo le indicazioni dell\u2019amministrazione comunale e di qualcuno che ha avuto la forza di fare cancellare la rotatoria di via Garibaldi, la cui realizzazione \u00e8 stata finanziata dalla Regione.<\/p>\n<p style=\"text-align: justify;\">Su questo argomento l\u2019amministrazione comunale pare abbia staccato l\u2019okay dalla Regione per dirottare i fondi per la realizzazione dei lavori di riqualificazione di <strong>piazza Cairoli<\/strong> lato monte (a proposito, lato mare si chiedono se siano figli di un Dio minore), ma qualcuno osserva come si possono impiegare dei fondi stanziati inizialmente per le migliorie viarie de centro cittadino, e destinati a tutt\u2019altro.<\/p>\n<p style=\"text-align: justify;\">I commercianti del centro cittadino, ma anche quelli di via Garibaldi e di tutte le zone che saranno interessate dalla Ztl cominciano a rumoreggiare contro il sindaco <strong>Cateno De Luca<\/strong>.<\/p>\n<p style=\"text-align: justify;\">La prossima settimana dovrebbe tenersi un\u2019assemblea spontanea di negozianti, ma gi\u00e0 di parla di azioni incisive di protesta contro un Piano del traffico che render\u00e0 di fatto inaccessibile il centro cittadino senza essere residente. A tutto questo si aggiunga un servizio di trasporti che non viaggia a pieno regime, e una infinit\u00e0 di piccoli parcheggi di interscambio individuati dai progettisti per dare sostenibilit\u00e0 al proprio lavoro.<\/p>\n<p style=\"text-align: justify;\">Comunque, c\u2019\u00e8 grande attesa per l\u2019appuntamento di domani al Palacultura nel corso del quale verr\u00e0 svelato il nuovo Piano del traffico.<\/p>\n<p style=\"text-align: justify;\">E scopriremo solo allora se l\u2019amministrazione si appresta a compiere un altro pasticcio che indurr\u00e0 il sindaco a tornare sui propri passi a fronte delle lamentele dei cittadini. Che tradotti in soldoni significano calo di consensi. E il sindaco su questo tema mostra una grande sensibilit\u00e0 anche se interessata.<\/p>\n<p style=\"text-align: right;\"><strong>Davide Gambale<\/strong><\/p>\n","protected":false},"excerpt":{"rendered":"<p>A sentire i commercianti c\u2019\u00e8 grande allarme per il nuovo Piano viario che rivoluzioner\u00e0 vita e abitudini dei messinesi. Ci\u00f2 che pi\u00f9 li spaventa non sono le Isole pedonali, ma l\u2019ampia Ztl che render\u00e0 irraggiungibile il centro cittadino nelle fasce orarie topiche per il commercio. Siamo ancora alle indiscrezioni, ma se verr\u00e0 confermata l\u2019ampiezza della [&hellip;]<\/p>\n","protected":false},"author":2,"featured_media":10900,"comment_status":"closed","ping_status":"closed","sticky":false,"template":"","format":"standard","meta":{"ub_ctt_via":"","_mi_skip_tracking":false},"categories":[6],"tags":[126,180,152],"featured_image_src":"https:\/\/www.messinaoggi.it\/website\/wp-content\/uploads\/2017\/11\/de-luca-RRP_3450.jpg","author_info":{"display_name":"Redazione","author_link":"https:\/\/www.messinaoggi.it\/website\/author\/redazione\/"},"digistream_id":0,"digistream":false,"_links":{"self":[{"href":"https:\/\/www.messinaoggi.it\/website\/wp-json\/wp\/v2\/posts\/40477"}],"collection":[{"href":"https:\/\/www.messinaoggi.it\/website\/wp-json\/wp\/v2\/posts"}],"about":[{"href":"https:\/\/www.messinaoggi.it\/website\/wp-json\/wp\/v2\/types\/post"}],"author":[{"embeddable":true,"href":"https:\/\/www.messinaoggi.it\/website\/wp-json\/wp\/v2\/users\/2"}],"replies":[{"embeddable":true,"href":"https:\/\/www.messinaoggi.it\/website\/wp-json\/wp\/v2\/comments?post=40477"}],"version-history":[{"count":0,"href":"https:\/\/www.messinaoggi.it\/website\/wp-json\/wp\/v2\/posts\/40477\/revisions"}],"wp:featuredmedia":[{"embeddable":true,"href":"https:\/\/www.messinaoggi.it\/website\/wp-json\/wp\/v2\/media\/10900"}],"wp:attachment":[{"href":"https:\/\/www.messinaoggi.it\/website\/wp-json\/wp\/v2\/media?parent=40477"}],"wp:term":[{"taxonomy":"category","embeddable":true,"href":"https:\/\/www.messinaoggi.it\/website\/wp-json\/wp\/v2\/categories?post=40477"},{"taxonomy":"post_tag","embeddable":true,"href":"https:\/\/www.messinaoggi.it\/website\/wp-json\/wp\/v2\/tags?post=40477"}],"curies":[{"name":"wp","href":"https:\/\/api.w.org\/{rel}","templated":true}]}}