{"id":40449,"date":"2020-02-18T11:39:29","date_gmt":"2020-02-18T10:39:29","guid":{"rendered":"https:\/\/www.messinaoggi.it\/website\/?p=40449"},"modified":"2020-02-18T11:39:29","modified_gmt":"2020-02-18T10:39:29","slug":"carnevale-a-messina-il-programma-degli-eventi","status":"publish","type":"post","link":"https:\/\/www.messinaoggi.it\/website\/2020\/02\/18\/carnevale-a-messina-il-programma-degli-eventi\/","title":{"rendered":"Carnevale a Messina, il programma degli eventi"},"content":{"rendered":"<p class=\"p1\" style=\"text-align: justify;\"><span class=\"s1\">Presenti gli Assessori allo Spettacolo e alle Tradizioni Popolari Giuseppe Scattareggia, alla Pubblica Istruzione Roberto Vincenzo Trimarchi, alla Protezione Civile Massimiliano Minutoli e al Turismo Enzo Caruso, \u00e8 stata illustrata stamani a Palazzo Zanca la 2^ edizione de \u201cU Cannaluvari Missinisi \u2013 Il pi\u00f9 bel Carnevale dello Stretto\u201d. All\u2019incontro hanno preso parte anche rappresentanti delle istituzioni scolastiche, delle associazioni musicali, scuole di ballo e del panorama imprenditoriale cittadino. \u201cA distanza di oltre 20 anni \u2013 hanno sottolineato gli Assessori presenti alla conferenza stampa \u2013 l\u2019anno scorso abbiamo dato un primo avvio al ritorno della manifestazione rivolta soprattutto ai pi\u00f9 piccoli ma gradita anche dai pi\u00f9 grandi. Per questa edizione abbiamo promosso un calendario che copre le sei giornate del carnevale che prenderanno il via gioved\u00ec 20 con la sfilata di carri curata dalla scuola Pajno \u2013 La Pira e con un\u2019altra organizzata dalla Cannizzaro Galatti, intitolata \u2018Ecomaschera 2020\u2019, che dal plesso scolastico arriver\u00e0 a piazza Cairoli. Raccomandiamo a tutti di attenersi alle nuove disposizioni per quanto riguarda la sicurezza. Ringraziamo le associazioni, le circoscrizioni, le scuole, gli imprenditori, l\u2019MP Eventi che cura l\u2019organizzazione del Carnevale a Faro Superiore e tutti coloro che hanno collaborato alla realizzazione della manifestazione. La sfilata conclusiva di marted\u00ec 25 sar\u00e0 la pi\u00f9 articolata e coinvolger\u00e0 anche i villaggi\u201d. Da gioved\u00ec 20 a marted\u00ec 25 le iniziative organizzate per la settimana carnevalesca interesseranno infatti sia la citt\u00e0 che i villaggi.<\/span><div id=\"div-gpt-ad-Messinaoggi.it-DSK-300x250-corpoart\" style=\"text-align:center;margin:0 auto;\"><\/div><\/p>\n<p class=\"p1\" style=\"text-align: justify;\"><span class=\"s1\">Il programma in citt\u00e0 prevede gioved\u00ec 20, alle ore 9.30, la \u201cSfilata di Carnevale\u201d, curata dall\u2019istituto Pajno \u2013 La Pira, che da piazza Unione Europea, attraverso via I Settembre, raggiunger\u00e0 piazza Duomo; alle 18.30, alla Galleria Vittorio Emanuele, Concerto Carnascialesco del coro Gaudemus in Domino, diretto dal Maestro Aldo Beninati; venerd\u00ec 21, alle 10, a piazza Duomo, il Carnevale dei piccoli, con animazione, trampolieri, giocolieri, mangiafuoco e zucchero filato; alle 18, alla Galleria Vittorio Emanuele, \u201cLatin Carnaval Party\u201d con gli A. R. Cubans \u2013 Treett; sabato 22, alle 10.30, a piazza del Popolo, evento sportivo \u201cMinivolley S3 in Maschera\u201d; alle 18.30, a Santa Maria Alemanna, Il Volto e La Maschera \u201cBentornato Peppe Nappa\u201d; domenica 23, alle 10, \u201cSfilata di Carnevale in Maschera\u201d, organizzata dall\u2019Istituto Vittorini, dal Teatro Vittorio Emanuele, via I Settembre e arrivo a piazza Duomo; alle 15.30, \u201cSfilata di Gruppi in Maschera\u201d, attraverso i viali San Martino\/Europa, via Garibaldi e piazza Duomo; alle 20, a piazza Duomo, spettacolo ed animazione musicale con ospite tv i \u201cLos Locos\u201d; luned\u00ec 24, alle 16, a piazza Duomo, \u201cLa Pignolata Day\u201d; alle 18, a piazza Duomo, il concorso \u201cLa Maschera di Carnevale\u201d; alle 20, a piazza Duomo, Carnaval Dance \u201cAnimazione in Maschera\u201d, con la partecipazione delle scuole di ballo cittadine; marted\u00ec 25, alle 15.30, \u201cSfilata di Gruppi in Maschera e Mini Carri\u201d con il percorso viali San Martino\/Europa, via Garibaldi e piazza Duomo; alle 20, a piazza Duomo, spettacolo e animazione musicale con ospite il gruppo brasiliano \u201cCarnival Samba\u201d.<\/span><div id=\"videoincontent\" style=\"clear:both\";><\/div><\/p>\n<p class=\"p1\" style=\"text-align: justify;\"><span class=\"s1\">Gioved\u00ec 20, alle 15, i villaggi saranno animati dalla \u201cSfilata di Carri\u201d a Curcuraci; alle 15, dal Carnevale a Larderia; sabato 22, alle 15, Carnevale a Faro Superiore; alle 16.30, \u201cLu Mari di Cannaluvari\u201d a Galati Marina; alle 19.30, \u201cXV Sagra di Carnevale\u201d a Larderia; domenica 23, alle 15, \u201cCarnevale al Faro\u201d a Faro Superiore; alle 15, Sfilata di Carri a Curcuraci; luned\u00ec 24, alle 15, \u201cCarnevale a Larderia\u201d organizzato da Movida e Ardelis.<\/span><\/p>\n","protected":false},"excerpt":{"rendered":"<p>Presenti gli Assessori allo Spettacolo e alle Tradizioni Popolari Giuseppe Scattareggia, alla Pubblica Istruzione Roberto Vincenzo Trimarchi, alla Protezione Civile Massimiliano Minutoli e al Turismo Enzo Caruso, \u00e8 stata illustrata stamani a Palazzo Zanca la 2^ edizione de \u201cU Cannaluvari Missinisi \u2013 Il pi\u00f9 bel Carnevale dello Stretto\u201d. All\u2019incontro hanno preso parte anche rappresentanti delle [&hellip;]<\/p>\n","protected":false},"author":2,"featured_media":15156,"comment_status":"closed","ping_status":"closed","sticky":false,"template":"","format":"standard","meta":{"ub_ctt_via":"","_mi_skip_tracking":false},"categories":[5],"tags":[145,171,172],"featured_image_src":"https:\/\/www.messinaoggi.it\/website\/wp-content\/uploads\/2018\/02\/menu-di-carnevale-1.jpg","author_info":{"display_name":"Redazione","author_link":"https:\/\/www.messinaoggi.it\/website\/author\/redazione\/"},"digistream_id":0,"digistream":false,"_links":{"self":[{"href":"https:\/\/www.messinaoggi.it\/website\/wp-json\/wp\/v2\/posts\/40449"}],"collection":[{"href":"https:\/\/www.messinaoggi.it\/website\/wp-json\/wp\/v2\/posts"}],"about":[{"href":"https:\/\/www.messinaoggi.it\/website\/wp-json\/wp\/v2\/types\/post"}],"author":[{"embeddable":true,"href":"https:\/\/www.messinaoggi.it\/website\/wp-json\/wp\/v2\/users\/2"}],"replies":[{"embeddable":true,"href":"https:\/\/www.messinaoggi.it\/website\/wp-json\/wp\/v2\/comments?post=40449"}],"version-history":[{"count":0,"href":"https:\/\/www.messinaoggi.it\/website\/wp-json\/wp\/v2\/posts\/40449\/revisions"}],"wp:featuredmedia":[{"embeddable":true,"href":"https:\/\/www.messinaoggi.it\/website\/wp-json\/wp\/v2\/media\/15156"}],"wp:attachment":[{"href":"https:\/\/www.messinaoggi.it\/website\/wp-json\/wp\/v2\/media?parent=40449"}],"wp:term":[{"taxonomy":"category","embeddable":true,"href":"https:\/\/www.messinaoggi.it\/website\/wp-json\/wp\/v2\/categories?post=40449"},{"taxonomy":"post_tag","embeddable":true,"href":"https:\/\/www.messinaoggi.it\/website\/wp-json\/wp\/v2\/tags?post=40449"}],"curies":[{"name":"wp","href":"https:\/\/api.w.org\/{rel}","templated":true}]}}