{"id":40446,"date":"2020-02-18T11:35:22","date_gmt":"2020-02-18T10:35:22","guid":{"rendered":"https:\/\/www.messinaoggi.it\/website\/?p=40446"},"modified":"2020-02-18T11:35:22","modified_gmt":"2020-02-18T10:35:22","slug":"la-popolare-di-ragusa-sostiene-le-piccole-e-micro-imprese-siciliane","status":"publish","type":"post","link":"https:\/\/www.messinaoggi.it\/website\/2020\/02\/18\/la-popolare-di-ragusa-sostiene-le-piccole-e-micro-imprese-siciliane\/","title":{"rendered":"La Popolare di Ragusa sostiene le piccole e micro imprese siciliane"},"content":{"rendered":"<p class=\"p1\"><span class=\"s1\">La Bapr e la Multifidi hanno firmato una convenzione finalizzata all\u2019accesso al credito agevolato a favore delle piccole e micro imprese siciliane.<\/span><div id=\"div-gpt-ad-Messinaoggi.it-DSK-300x250-corpoart\" style=\"text-align:center;margin:0 auto;\"><\/div><\/p>\n<p class=\"p1\"><span class=\"s1\">Saverio Continella, Direttore Generale della Banca Agricola Popolare, e Roberto Biscotto, Amministratore Delegato di Multifidi, hanno sottoscritto l\u2019accordo che permetter\u00e0 alle aziende di investire, acquistare scorte e per l\u2019attivit\u00e0 dell\u2019impresa grazie a finanziamenti a partire da 20.000 euro rimborsabili alla Banca in un periodo compreso tra 36 e 60 mesi. Il tasso \u00e8 agevolato: 2,10% con abbattimento dei costi e commissioni agevolate come previsto dai Ministeri dell\u2019Economia e Finanze e dello Sviluppo Economico.<\/span><div id=\"videoincontent\" style=\"clear:both\";><\/div><\/p>\n<p class=\"p1\"><span class=\"s1\">La convenzione tra la maggiore banca interamente siciliana e il solido consorzio fidi con sede a Comiso \u00e8 gi\u00e0 operativa. I dettagli sono stati definiti in una riunione precedente la formale firma dell\u2019accordo alla presenza di Giovanni Scollo, Massimo Firullo ed Emanuele Occhipinti per la Bapr e di Salvatore Adamo per il Multifidi.<\/span><\/p>\n<p class=\"p1\"><span class=\"s1\">Saverio Continella: \u201c<i>Sono soddisfatto dell\u2019accordo firmato con Multifidi, Consorzio col quale la nostra Banca gi\u00e0 da anni collabora fattivamente. Se vogliamo dare una concreta mano d\u2019aiuto alle imprese, specie le piccole e le piccolissime, \u00e8 evidente che questa \u00e8 la strada da seguire. E noi operiamo in tal senso. Da Popolare quale siamo, con profonda convinzione, nelle priorit\u00e0 della nostra agenda abbiamo le famiglie e imprese<\/i>\u201d.<\/span><\/p>\n<p class=\"p1\"><span class=\"s1\">Roberto Biscotto: \u201c<i>Desidero ringraziare la Banca Agricola Popolare di Ragusa e in particolare il suo Direttore Generale. L\u2019accordo sottoscritto con la banca ragusana permetter\u00e0 davvero a molte piccole e piccolissime aziende, di tutta la Sicilia, a recuperare liquidit\u00e0 e a portare avanti i progetti e le imprese. Da parte del Consorzio che mi onoro di amministrare c\u2019\u00e8, come sempre, la totale disponibilit\u00e0 verso gli imprenditori<\/i>\u201d.<\/span><\/p>\n","protected":false},"excerpt":{"rendered":"<p>La Bapr e la Multifidi hanno firmato una convenzione finalizzata all\u2019accesso al credito agevolato a favore delle piccole e micro imprese siciliane. Saverio Continella, Direttore Generale della Banca Agricola Popolare, e Roberto Biscotto, Amministratore Delegato di Multifidi, hanno sottoscritto l\u2019accordo che permetter\u00e0 alle aziende di investire, acquistare scorte e per l\u2019attivit\u00e0 dell\u2019impresa grazie a finanziamenti [&hellip;]<\/p>\n","protected":false},"author":2,"featured_media":2876,"comment_status":"closed","ping_status":"closed","sticky":false,"template":"","format":"standard","meta":{"ub_ctt_via":"","_mi_skip_tracking":false},"categories":[11],"tags":[168,169],"featured_image_src":"https:\/\/www.messinaoggi.it\/website\/wp-content\/uploads\/2017\/06\/soldi-2.jpg","author_info":{"display_name":"Redazione","author_link":"https:\/\/www.messinaoggi.it\/website\/author\/redazione\/"},"digistream_id":0,"digistream":false,"_links":{"self":[{"href":"https:\/\/www.messinaoggi.it\/website\/wp-json\/wp\/v2\/posts\/40446"}],"collection":[{"href":"https:\/\/www.messinaoggi.it\/website\/wp-json\/wp\/v2\/posts"}],"about":[{"href":"https:\/\/www.messinaoggi.it\/website\/wp-json\/wp\/v2\/types\/post"}],"author":[{"embeddable":true,"href":"https:\/\/www.messinaoggi.it\/website\/wp-json\/wp\/v2\/users\/2"}],"replies":[{"embeddable":true,"href":"https:\/\/www.messinaoggi.it\/website\/wp-json\/wp\/v2\/comments?post=40446"}],"version-history":[{"count":0,"href":"https:\/\/www.messinaoggi.it\/website\/wp-json\/wp\/v2\/posts\/40446\/revisions"}],"wp:featuredmedia":[{"embeddable":true,"href":"https:\/\/www.messinaoggi.it\/website\/wp-json\/wp\/v2\/media\/2876"}],"wp:attachment":[{"href":"https:\/\/www.messinaoggi.it\/website\/wp-json\/wp\/v2\/media?parent=40446"}],"wp:term":[{"taxonomy":"category","embeddable":true,"href":"https:\/\/www.messinaoggi.it\/website\/wp-json\/wp\/v2\/categories?post=40446"},{"taxonomy":"post_tag","embeddable":true,"href":"https:\/\/www.messinaoggi.it\/website\/wp-json\/wp\/v2\/tags?post=40446"}],"curies":[{"name":"wp","href":"https:\/\/api.w.org\/{rel}","templated":true}]}}