{"id":40397,"date":"2020-02-15T16:46:06","date_gmt":"2020-02-15T15:46:06","guid":{"rendered":"https:\/\/www.messinaoggi.it\/website\/?p=40397"},"modified":"2020-02-15T16:46:06","modified_gmt":"2020-02-15T15:46:06","slug":"acr-messina-mister-pensabene-al-debutto-con-la-cittanovese","status":"publish","type":"post","link":"https:\/\/www.messinaoggi.it\/website\/2020\/02\/15\/acr-messina-mister-pensabene-al-debutto-con-la-cittanovese\/","title":{"rendered":"ACR Messina, mister Pensabene al debutto con la Cittanovese"},"content":{"rendered":"<p style=\"text-align: justify\">Comincia dalla Cittanovese l\u2019avventura di mister Andrea Pensabene sulla panchina del Messina. Domani i giallorossi scenderanno in campo al \u201cFranco Scoglio\u201d per affrontare la formazione calabrese e ritrovare il successo dopo due sconfitte consecutive. Mettersi alle spalle Marina di Ragusa e Marsala \u00e8 l\u2019obiettivo dei peloritani, che si troveranno di fronte un\u2019altra squadra in cerca di punti per interrompere il trend negativo.<div id=\"div-gpt-ad-Messinaoggi.it-DSK-300x250-corpoart\" style=\"text-align:center;margin:0 auto;\"><\/div><\/p>\n<p style=\"text-align: justify\">Agli ordini del neo tecnico, questa mattina il Messina ha svolto la seduta di rifinitura al \u201cFranco Scoglio\u201d completando cos\u00ec la settimana di allenamenti: \u00ab<em>Il primo impatto \u00e8 stato positivo, ho trovato una buona squadra e grande partecipazione. Sar\u00e0 una squadra che lotter\u00e0 per una maglia pesante come quella del Messina<\/em>\u00bb, ha dichiarato mister Pensabene, che ha deciso di convocare tutti i giocatori.<div id=\"videoincontent\" style=\"clear:both\";><\/div><\/p>\n<p style=\"text-align: justify\">Sono 27 i calciatori a disposizione per la gara della 24^ giornata: rientrano il capitano Antonio Crucitti, che ha scontato un turno di squalifica, il difensore Gaetano Ungaro e gli attaccanti Eugenio Licciardello e Angelo Cafarella, mentre Francesco Orlando resta ancora fermo ai box per infortunio.<\/p>\n<p style=\"text-align: justify\">Sono 30 i punti della Cittanovese (come Messina e Nola), reduce da cinque sconfitte e un pari nelle ultime sei giornate: all\u2019andata furono i calabresi a imporsi 2-1 con il gol iniziale di Garcia, quindi il pari di Crucitti e la rete decisiva di Silenzi.<\/p>\n<p style=\"text-align: justify\">Calcio di inizio alle ore 14.30: la sfida sar\u00e0 diretta da Ilaria Bianchin della sezione di Terni, coadiuvata dagli assistenti Emanuele Damiani e Bruno Galigani, entrambi della sezione di Sondrio.<\/p>\n<p style=\"text-align: justify\"><strong>I convocati:<\/strong><\/p>\n<p style=\"text-align: justify\"><strong>Portieri<\/strong>: Michele Avella, Giovanni Forestieri, Alessio Pozzi.<\/p>\n<p style=\"text-align: justify\"><strong>Difensori<\/strong>: Francesco Barbera, Francesco Bruno, Attilio Cinquegrana, Vincenzo De Meio, Samuele Emiliano, Alessandro Fragapane, Manuel Puglisi, Gaetano Ungaro, Raffaele Vuolo.<\/p>\n<p style=\"text-align: justify\"><strong>Centrocampisti<\/strong>: Giuseppe Bonasera, Fabio Bossa, Francesco Buono, Alessio Cristiani, Dejan Danza, Giovanni Lavrendi, Gianluca Sampietro, Francesco Saverino.<\/p>\n<p style=\"text-align: justify\"><strong>Attaccanti<\/strong>: Pietro Arcidiacono, Angelo Cafarella, Antonio Crucitti, Carmelo Fam\u00e0, Matteo Manfr\u00e8 Cataldi, Eugenio Licciardello, Mattia Rossetti.<\/p>\n","protected":false},"excerpt":{"rendered":"<p>Comincia dalla Cittanovese l\u2019avventura di mister Andrea Pensabene sulla panchina del Messina. Domani i giallorossi scenderanno in campo al \u201cFranco Scoglio\u201d per affrontare la formazione calabrese e ritrovare il successo dopo due sconfitte consecutive. Mettersi alle spalle Marina di Ragusa e Marsala \u00e8 l\u2019obiettivo dei peloritani, che si troveranno di fronte un\u2019altra squadra in cerca [&hellip;]<\/p>\n","protected":false},"author":17,"featured_media":40400,"comment_status":"closed","ping_status":"closed","sticky":false,"template":"","format":"standard","meta":{"ub_ctt_via":"","_mi_skip_tracking":false},"categories":[10,9],"tags":[24,157,158],"featured_image_src":"https:\/\/www.messinaoggi.it\/website\/wp-content\/uploads\/2020\/02\/pensabene.jpg","author_info":{"display_name":"Giuseppe Luppino","author_link":"https:\/\/www.messinaoggi.it\/website\/author\/g-luppino\/"},"digistream_id":0,"digistream":false,"_links":{"self":[{"href":"https:\/\/www.messinaoggi.it\/website\/wp-json\/wp\/v2\/posts\/40397"}],"collection":[{"href":"https:\/\/www.messinaoggi.it\/website\/wp-json\/wp\/v2\/posts"}],"about":[{"href":"https:\/\/www.messinaoggi.it\/website\/wp-json\/wp\/v2\/types\/post"}],"author":[{"embeddable":true,"href":"https:\/\/www.messinaoggi.it\/website\/wp-json\/wp\/v2\/users\/17"}],"replies":[{"embeddable":true,"href":"https:\/\/www.messinaoggi.it\/website\/wp-json\/wp\/v2\/comments?post=40397"}],"version-history":[{"count":0,"href":"https:\/\/www.messinaoggi.it\/website\/wp-json\/wp\/v2\/posts\/40397\/revisions"}],"wp:featuredmedia":[{"embeddable":true,"href":"https:\/\/www.messinaoggi.it\/website\/wp-json\/wp\/v2\/media\/40400"}],"wp:attachment":[{"href":"https:\/\/www.messinaoggi.it\/website\/wp-json\/wp\/v2\/media?parent=40397"}],"wp:term":[{"taxonomy":"category","embeddable":true,"href":"https:\/\/www.messinaoggi.it\/website\/wp-json\/wp\/v2\/categories?post=40397"},{"taxonomy":"post_tag","embeddable":true,"href":"https:\/\/www.messinaoggi.it\/website\/wp-json\/wp\/v2\/tags?post=40397"}],"curies":[{"name":"wp","href":"https:\/\/api.w.org\/{rel}","templated":true}]}}