{"id":40369,"date":"2020-02-16T08:45:59","date_gmt":"2020-02-16T07:45:59","guid":{"rendered":"https:\/\/www.messinaoggi.it\/website\/?p=40369"},"modified":"2020-02-16T08:45:59","modified_gmt":"2020-02-16T07:45:59","slug":"piano-del-traffico-giovedi-la-presentazione-al-palacultura","status":"publish","type":"post","link":"https:\/\/www.messinaoggi.it\/website\/2020\/02\/16\/piano-del-traffico-giovedi-la-presentazione-al-palacultura\/","title":{"rendered":"Piano del traffico, gioved\u00ec la presentazione al Palacultura"},"content":{"rendered":"<p class=\"p1\"><span class=\"s1\">Il Vicesindaco e Assessore alla Mobilit\u00e0 Urbana ed Extraurbana Salvatore Mondello, unitamente al Dipartimento Servizi Territoriali ed Urbanistici, rende noto che gioved\u00ec 20 febbraio, alle ore 9.30, presso l\u2019Auditorium del Palacultura Antonello, sar\u00e0 presentata la stesura provvisoria dell\u2019aggiornamento del <b>Piano Generale del Traffico Urbano<\/b> (<b>PGTU<\/b>). La prima versione era stata redatta nel 1997 e approvata con Delibera di Consiglio Comunale n. 76\/C del 16\/12\/1998. Com\u2019\u00e8 ormai noto, il <b>PGTU<\/b> rappresenta un importante strumento di pianificazione, previsto dall\u2019art. 36 del <i>Codice della strada<\/i>, finalizzato al miglioramento delle condizioni di circolazione e della sicurezza stradale (con particolare riguardo agli utenti deboli, ovvero pedoni, disabili, ciclisti); al risparmio energetico e alla riduzione degli inquinamenti (acustico e atmosferico); al miglioramento della mobilit\u00e0 pedonale e ciclabile mediante l\u2019incremento di aree pedonali, di zone a traffico limitato, di zone a velocit\u00e0 ridotta (c.d. <i>zone 20<\/i> e <i>zone 30<\/i>) e di percorsi pedonali e ciclabili continui e protetti. Inoltre punta all\u2019incremento del trasporto pubblico collettivo e della fruibilit\u00e0\/salvaguardia, delle bellezze paesaggistiche e naturalistiche presenti nel territorio comunale. Allo stato attuale, si \u00e8 conclusa la prima fase di redazione del PGTU, cio\u00e8, la ricostruzione del quadro conoscitivo delle attuali condizioni della mobilit\u00e0 urbana, riferimento indispensabile per la successiva fase di definizione degli obiettivi e dei contenuti del piano. Nell\u2019elaborazione della versione definitiva assumono particolare rilievo le fasi di comunicazione, condivisione e consultazione con tutti i soggetti portatori di interesse, con la cittadinanza e con tutti gli organi competenti in materia di pianificazione del territorio. Sul tema, lo scorso 28 febbraio 2019, si \u00e8 tenuto un primo incontro pubblico presso il \u201cS<i>alone delle Bandiere<\/i>\u201d , nel corso del quale \u00e8 stato presentato il quadro conoscitivo delle attuali condizioni della mobilit\u00e0 urbana di Messina, dedotto dai rilievi di traffico condotti tra luglio e dicembre 2018. Pi\u00f9 precisamente, \u00e8 stato analizzato il contesto territoriale oggetto del piano; il rilievo dei flussi veicolari eseguito nel periodo estivo e invernale; l\u2019analisi dell\u2019incidentalit\u00e0 stradale; l\u2019analisi degli spostamenti origine\/destinazione e le relative criticit\u00e0 emerse; le indagini sulla domanda e sull\u2019offerta di sosta veicolare, sul trasporto pubblico locale. Al termine della presentazione, sono stati acquisiti i contributi forniti attraverso gli interventi dei partecipanti, che sono stati successivamente valutati ed inseriti, se risultati compatibili; in ogni caso, tutta la documentazione (relazioni ed elaborati grafici), illustrata nel corso del forum, \u00e8 stata resa disponibile sul sito del Comune <a href=\"https:\/\/www.comunemessina.gov.it\/\"><span class=\"s2\">https:\/\/www.comunemessina.gov.it\/<\/span><\/a> affinch\u00e9 chiunque potesse inviare ulteriori proposte per l\u2019aggiornamento. Dal 20 di febbraio, in seguito alla presentazione del nuovo PGTU, sar\u00e0 possibile inviare eventuali controdeduzioni entro 30 giorni; l\u2019Amministrazione Comunale invita pertanto tutti coloro che avessero osservazioni sugli argomenti trattati, ad esprimersi nei tempi previsti, per potere procedere in tempi rapidi alla conclusione complessiva del documento.<\/span><div id=\"div-gpt-ad-Messinaoggi.it-DSK-300x250-corpoart\" style=\"text-align:center;margin:0 auto;\"><\/div><\/p>\n<div id=\"videoincontent\" style=\"clear:both\";><\/div>","protected":false},"excerpt":{"rendered":"<p>Il Vicesindaco e Assessore alla Mobilit\u00e0 Urbana ed Extraurbana Salvatore Mondello, unitamente al Dipartimento Servizi Territoriali ed Urbanistici, rende noto che gioved\u00ec 20 febbraio, alle ore 9.30, presso l\u2019Auditorium del Palacultura Antonello, sar\u00e0 presentata la stesura provvisoria dell\u2019aggiornamento del Piano Generale del Traffico Urbano (PGTU). La prima versione era stata redatta nel 1997 e approvata [&hellip;]<\/p>\n","protected":false},"author":2,"featured_media":40335,"comment_status":"closed","ping_status":"closed","sticky":false,"template":"","format":"standard","meta":{"ub_ctt_via":"","_mi_skip_tracking":false},"categories":[4],"tags":[151,152,153],"featured_image_src":"https:\/\/www.messinaoggi.it\/website\/wp-content\/uploads\/2020\/02\/85DF1351-CBDB-477F-9D41-285FA3430C20.jpeg","author_info":{"display_name":"Redazione","author_link":"https:\/\/www.messinaoggi.it\/website\/author\/redazione\/"},"digistream_id":0,"digistream":false,"_links":{"self":[{"href":"https:\/\/www.messinaoggi.it\/website\/wp-json\/wp\/v2\/posts\/40369"}],"collection":[{"href":"https:\/\/www.messinaoggi.it\/website\/wp-json\/wp\/v2\/posts"}],"about":[{"href":"https:\/\/www.messinaoggi.it\/website\/wp-json\/wp\/v2\/types\/post"}],"author":[{"embeddable":true,"href":"https:\/\/www.messinaoggi.it\/website\/wp-json\/wp\/v2\/users\/2"}],"replies":[{"embeddable":true,"href":"https:\/\/www.messinaoggi.it\/website\/wp-json\/wp\/v2\/comments?post=40369"}],"version-history":[{"count":0,"href":"https:\/\/www.messinaoggi.it\/website\/wp-json\/wp\/v2\/posts\/40369\/revisions"}],"wp:featuredmedia":[{"embeddable":true,"href":"https:\/\/www.messinaoggi.it\/website\/wp-json\/wp\/v2\/media\/40335"}],"wp:attachment":[{"href":"https:\/\/www.messinaoggi.it\/website\/wp-json\/wp\/v2\/media?parent=40369"}],"wp:term":[{"taxonomy":"category","embeddable":true,"href":"https:\/\/www.messinaoggi.it\/website\/wp-json\/wp\/v2\/categories?post=40369"},{"taxonomy":"post_tag","embeddable":true,"href":"https:\/\/www.messinaoggi.it\/website\/wp-json\/wp\/v2\/tags?post=40369"}],"curies":[{"name":"wp","href":"https:\/\/api.w.org\/{rel}","templated":true}]}}