{"id":40313,"date":"2020-02-13T15:56:26","date_gmt":"2020-02-13T14:56:26","guid":{"rendered":"https:\/\/www.messinaoggi.it\/website\/?p=40313"},"modified":"2020-02-13T15:56:26","modified_gmt":"2020-02-13T14:56:26","slug":"gelmini-prestigiacomo-e-siracusano-nella-baraccopoli-di-fondo-fucile","status":"publish","type":"post","link":"https:\/\/www.messinaoggi.it\/website\/2020\/02\/13\/gelmini-prestigiacomo-e-siracusano-nella-baraccopoli-di-fondo-fucile\/","title":{"rendered":"Gelmini: &quot;Stato di emergenza per le baracche di Messina&quot;"},"content":{"rendered":"<div class=\"banner\">\n<div id=\"div-gpt-ad-1541504577596-0\" data-google-query-id=\"CJuUqevgzucCFYzDuwgdT1YFtw\">\n<div id=\"google_ads_iframe_\/5196\/cw\/sw\/altro\/mediumrectangle_article_0__container__\">Tappa messinese per Mariastella Gelmini. Il capogruppo di Forza Italia alla Camera ha fatto visita a Palazzo Zanca, dov&#8217;\u00e8 stata ricevuta dal vice sindaco Salvatore Mondello.<\/div>\n<div><\/div>\n<\/div>\n<\/div>\n<div><img loading=\"lazy\" class=\"alignnone size-medium wp-image-40314\" src=\"https:\/\/www.messinaoggi.it\/website\/wp-content\/uploads\/2020\/02\/IMG-20200213-WA0016-300x225.jpg\" alt=\"\" width=\"300\" height=\"225\" \/><\/div>\n<div class=\"banner\">\n<div id=\"div-gpt-ad-1541504577596-0\" data-google-query-id=\"CJuUqevgzucCFYzDuwgdT1YFtw\">\n<div>Insieme a lei anche la deputata messinese Matilde Siracusano e l\u2019on. Stefania Prestigiacomo.<\/div>\n<div><\/div>\n<div>La delegazione di Forza Italia ha fatto un sopralluogo a Fondo Fucile per visitare una delle pi\u00f9 grandi baraccopoli del Meridione.<\/div>\n<\/div>\n<\/div>\n<div><\/div>\n<div><img loading=\"lazy\" class=\"alignnone size-medium wp-image-40315\" src=\"https:\/\/www.messinaoggi.it\/website\/wp-content\/uploads\/2020\/02\/IMG-20200213-WA0034-300x225.jpg\" alt=\"\" width=\"300\" height=\"225\" \/><\/div>\n<div class=\"banner\">\n<div id=\"div-gpt-ad-1541504577596-0\" data-google-query-id=\"CJuUqevgzucCFYzDuwgdT1YFtw\">\n<div>La Gelmini \u00e8 apparsa sorpresa dalle condizioni trovate nella baraccopoli, ma non si \u00e8 tirata indietro, entrando di persona a constatare e salutare i presenti.<\/div>\n<div><\/div>\n<\/div>\n<\/div>\n<div><img loading=\"lazy\" class=\"alignnone size-medium wp-image-40317\" src=\"https:\/\/www.messinaoggi.it\/website\/wp-content\/uploads\/2020\/02\/IMG-20200213-WA0055-225x300.jpg\" alt=\"\" width=\"225\" height=\"300\" \/><\/div>\n<div class=\"banner\">\n<div id=\"div-gpt-ad-1541504577596-0\" data-google-query-id=\"CJuUqevgzucCFYzDuwgdT1YFtw\">\n<div>\u201cIn Parlamento stiamo preparando &#8211; grazie all\u2019interessamento di Matilde Siracusano, di Stefania Prestigiacomo e di tutti i nostri parlamentari &#8211; una proposta di legge affinch\u00e9 il Governo dichiari lo stato di emergenza, stanzi le risorse e consenta di risolvere l\u2019assurda situazione delle baraccopoli a Messina: un\u2019emergenza sociale, ambientale e sanitaria\u201d: cos\u00ec il capogruppo alla Camera dei deputati di Forza Italia Mariastella Gelmini.<\/div>\n<div><\/div>\n<div>\u201cSiamo qui &#8211; ha aggiunto &#8211; con tutti i colleghi siciliani di Forza Italia per ribadire il nostro impegno in Parlamento e per favorire la soluzione di questo annoso problema. Siamo qui non per fare una denuncia o per fare propaganda. Ci interessa dare il nostro contributo affinch\u00e9 dopo l\u2019impegno della Regione &#8211; che ha gi\u00e0 dichiarato lo stato di emergenza e ha stanziato 50 milioni di euro &#8211; anche il governo si muova.<\/div>\n<div><img loading=\"lazy\" class=\"alignnone size-medium wp-image-40326\" src=\"https:\/\/www.messinaoggi.it\/website\/wp-content\/uploads\/2020\/02\/IMG-20200213-WA0060-225x300.jpg\" alt=\"\" width=\"225\" height=\"300\" \/><\/div>\n<\/div>\n<\/div>\n<div><\/div>\n<div class=\"banner\">\n<div id=\"div-gpt-ad-1541504577596-0\" data-google-query-id=\"CJuUqevgzucCFYzDuwgdT1YFtw\">\n<div>La parola Sud \u00e8 stata completamente abolita dall\u2019agenda di governo. Non pensiamo &#8211; ha concluso Gelmini &#8211; che i problemi del Mezzogiorno si risolvano con il reddito di cittadinanza, pensiamo invece che vadano affrontati i singoli specifici problemi. E certamente il fatto che ottomila persone vivano in baraccopoli nel 2020 non \u00e8 assolutamente accettabile. Non possiamo fare una questione di competenza, ciascuno deve fare la propria parte\u201d.<\/div>\n<div>\nI parlamentari di Forza Italia, dopo una visita a Palazzo Zanca, hanno fatto &#8211; accompagnati dal vice sindaco di Messina, Salvatore Mondello, e il presidente di ArisMe, Marcello Scurria &#8211; un sopralluogo presso i villaggi di Camaro San Paolo e di Fondo Fucile, incontrando i cittadini e visitando le casette.<br \/>\n<img loading=\"lazy\" class=\"alignnone size-medium wp-image-40323\" src=\"https:\/\/www.messinaoggi.it\/website\/wp-content\/uploads\/2020\/02\/IMG-20200213-WA0058-225x300.jpg\" alt=\"\" width=\"225\" height=\"300\" \/><br \/>\n\u201cRingrazio la mia capogruppo e il mio partito che hanno preso a cuore la vicenda delle baraccopoli della mia citt\u00e0\u201d, ha affermato la deputata messinese di Forza Italia Matilde Siracusano. &#8220;Non \u00e8 pi\u00f9 il momento dei rinvii. L\u2019azione legislativa per risolvere questo scempio deve essere rapida ed efficace. Noi stiamo lavorando ad una legge speciale e facciamo un appello anche a tutte le altre forze politiche: serve la partecipazione di tutti per superare una volta per tutte questo storico problema\u201d.<br \/>\n<img loading=\"lazy\" class=\"alignnone size-medium wp-image-40324\" src=\"https:\/\/www.messinaoggi.it\/website\/wp-content\/uploads\/2020\/02\/IMG-20200213-WA0061-225x300.jpg\" alt=\"\" width=\"225\" height=\"300\" \/><br \/>\n\u201cVanno aiutate concretamente le donne, gli uomini e i bambini di Messina che vivono in questa inaccettabile situazione\u201d, ha detto la deputata siciliana azzurra Stefania Prestigiacomo. \u201cForza Italia sar\u00e0 in prima linea per risolvere l\u2019emergenza delle baraccopoli in questa splendida citt\u00e0. Il governo si dia una svegliata e invece di litigare su tutto affronti la cruda realt\u00e0 del Paese reale\u201d.<br \/>\nPer Nino German\u00e0, deputato di Forza Italia della provincia di Messina, \u201cla tredicesima citt\u00e0 d\u2019Italia per numero di abitanti non pu\u00f2, ancora nel 2020, avere a che fare con circostanze limite come quelle delle baraccopoli. Questa \u00e8 una vera e propria emergenza, va trattata come tale e va risolta nel pi\u00f9 breve tempo possibile. Forza Italia \u00e8 pronta a dare il suo determinato contributo\u201d.<br \/>\n\u201cLa Sicilia non \u00e8 la periferia d\u2019Italia, non possiamo accettare che in una citt\u00e0 come Messina ci sia ancora una vera e propria favelas, con realt\u00e0 davvero insostenibili\u201d, ha affermato il deputato siciliano di Forza Italia Francesco Scoma. \u201cOggi siamo qui per esprimere vicinanza alla popolazione messinese coinvolta, ma da domani riprender\u00e0, incessante, il nostro impegno parlamentare per superare definitivamente questa emergenza\u201d, ha concluso.\n<\/div>\n<div><img loading=\"lazy\" class=\"alignnone size-medium wp-image-40325\" src=\"https:\/\/www.messinaoggi.it\/website\/wp-content\/uploads\/2020\/02\/IMG-20200213-WA0023-300x225.jpg\" alt=\"\" width=\"300\" height=\"225\" \/><\/div>\n<div><\/div>\n<div>All&#8217;ora di pranzo, Maria Stella Gelmini ha incontrato amministratori e militanti che \u201cillustreranno il piano \u201cIncalza\u201d per la realizzazione del Ponte sullo Stretto di Messina, uno dei cavalli di battaglia dell&#8217;ex premier Berlusconi.<\/div>\n<\/div>\n<\/div>\n<div id=\"div-gpt-ad-Messinaoggi.it-DSK-300x250-corpoart\" style=\"text-align:center;margin:0 auto;\"><\/div><\/p><div id=\"videoincontent\" style=\"clear:both\";><\/div>","protected":false},"excerpt":{"rendered":"<p>Tappa messinese per Mariastella Gelmini. Il capogruppo di Forza Italia alla Camera ha fatto visita a Palazzo Zanca, dov&#8217;\u00e8 stata ricevuta dal vice sindaco Salvatore Mondello. Insieme a lei anche la deputata messinese Matilde Siracusano e l\u2019on. Stefania Prestigiacomo. La delegazione di Forza Italia ha fatto un sopralluogo a Fondo Fucile per visitare una delle [&hellip;]<\/p>\n","protected":false},"author":4,"featured_media":40329,"comment_status":"closed","ping_status":"closed","sticky":false,"template":"","format":"standard","meta":{"ub_ctt_via":"","_mi_skip_tracking":false},"categories":[19],"tags":[],"featured_image_src":"https:\/\/www.messinaoggi.it\/website\/wp-content\/uploads\/2020\/02\/IMG-20200213-WA0040-1.jpg","author_info":{"display_name":"redme","author_link":"https:\/\/www.messinaoggi.it\/website\/author\/redme\/"},"digistream_id":0,"digistream":false,"_links":{"self":[{"href":"https:\/\/www.messinaoggi.it\/website\/wp-json\/wp\/v2\/posts\/40313"}],"collection":[{"href":"https:\/\/www.messinaoggi.it\/website\/wp-json\/wp\/v2\/posts"}],"about":[{"href":"https:\/\/www.messinaoggi.it\/website\/wp-json\/wp\/v2\/types\/post"}],"author":[{"embeddable":true,"href":"https:\/\/www.messinaoggi.it\/website\/wp-json\/wp\/v2\/users\/4"}],"replies":[{"embeddable":true,"href":"https:\/\/www.messinaoggi.it\/website\/wp-json\/wp\/v2\/comments?post=40313"}],"version-history":[{"count":0,"href":"https:\/\/www.messinaoggi.it\/website\/wp-json\/wp\/v2\/posts\/40313\/revisions"}],"wp:featuredmedia":[{"embeddable":true,"href":"https:\/\/www.messinaoggi.it\/website\/wp-json\/wp\/v2\/media\/40329"}],"wp:attachment":[{"href":"https:\/\/www.messinaoggi.it\/website\/wp-json\/wp\/v2\/media?parent=40313"}],"wp:term":[{"taxonomy":"category","embeddable":true,"href":"https:\/\/www.messinaoggi.it\/website\/wp-json\/wp\/v2\/categories?post=40313"},{"taxonomy":"post_tag","embeddable":true,"href":"https:\/\/www.messinaoggi.it\/website\/wp-json\/wp\/v2\/tags?post=40313"}],"curies":[{"name":"wp","href":"https:\/\/api.w.org\/{rel}","templated":true}]}}