{"id":40179,"date":"2020-02-07T21:09:23","date_gmt":"2020-02-07T20:09:23","guid":{"rendered":"https:\/\/www.messinaoggi.it\/website\/?p=40179"},"modified":"2020-02-07T21:09:23","modified_gmt":"2020-02-07T20:09:23","slug":"maratonina-dei-nebrodi-domenica-a-santagata-militello","status":"publish","type":"post","link":"https:\/\/www.messinaoggi.it\/website\/2020\/02\/07\/maratonina-dei-nebrodi-domenica-a-santagata-militello\/","title":{"rendered":"Maratonina dei Nebrodi, domenica a Sant&#039;Agata Militello"},"content":{"rendered":"<p style=\"text-align: justify\">Domenica prossima (9 febbraio) a Sant&#8217;Agata di Militello prender\u00e0 il via la settima \u00a0edizione della Maratonina dei Nebrodi.<div id=\"div-gpt-ad-Messinaoggi.it-DSK-300x250-corpoart\" style=\"text-align:center;margin:0 auto;\"><\/div><\/p>\n<p style=\"text-align: justify\">\u00a0Sono 680 gli iscritti alla kermesse organizzata dall&#8217;Atletica Nebrodi che apre il 19\u00b0 Grand Prix Sicilia di mezze maratone.<div id=\"videoincontent\" style=\"clear:both\";><\/div><\/p>\n<p style=\"text-align: justify\">La categoria pi\u00f9 rappresentata \u00e8 la SM45 con 121 atleti al via. A seguire la SM55 con 112 e la SM50 con 105. Due gli over 80. Per la categoria femminile, la pi\u00f9 affollata \u00e8 la SF50 con 23 atlete, seguita dalla SF45 (22) e \u00a0SF40 (19).<\/p>\n<p style=\"text-align: justify\">La provincia\u00a0maggiormente rappresentata \u00e8 quella di Palermo con 154 atleti iscritti; seguita da Messina \u00a0(124) e Trapani (103).<\/p>\n<p style=\"text-align: justify\">Numerosi atleti arriveranno anche da Reggio Calabria, Bologna, Roma, Cosenza e Livorno. In gara ci saranno anche sette atleti polacchi.<\/p>\n<p style=\"text-align: justify\">L&#8217;atleta pi\u00f9 anziano a partecipare alla competizione sar\u00e0 Antonino Micali, 80 primavere, la meno giovane sar\u00e0 Clara Minagra.<\/p>\n<p style=\"text-align: justify\">\u00a0In gara, tra gli uomini, Don Vincenzo Puccio (Atletica Vaticana) gi\u00e0 vincitore lo scorso anno, &#8220;vestir\u00e0&#8221; il pettorale numero uno e punter\u00e0 a bissare il successo del 2019.<\/p>\n<p style=\"text-align: justify\">La partenza \u00e8 prevista per le ore 09.45 a Sant\u2019Agata di Militello in Piazza Crispi. Il percorso della gara \u00e8 omologato dalla FIDAL.<\/p>\n<p style=\"text-align: justify\">\u00a0La manifestazione \u00e8 aperta anche agli atleti delle Forze Armate, alle Forze di Polizia e al Corpo Nazionale dei Vigili del Fuoco, che saranno inseriti in una graduatoria speciale, con i primi classificati che saranno premiati con la coppa alla memoria del \u201cFinanziere Maurizio Gorgone\u201d.<\/p>\n","protected":false},"excerpt":{"rendered":"<p>Domenica prossima (9 febbraio) a Sant&#8217;Agata di Militello prender\u00e0 il via la settima \u00a0edizione della Maratonina dei Nebrodi. \u00a0Sono 680 gli iscritti alla kermesse organizzata dall&#8217;Atletica Nebrodi che apre il 19\u00b0 Grand Prix Sicilia di mezze maratone. La categoria pi\u00f9 rappresentata \u00e8 la SM45 con 121 atleti al via. A seguire la SM55 con 112 [&hellip;]<\/p>\n","protected":false},"author":17,"featured_media":40180,"comment_status":"closed","ping_status":"closed","sticky":false,"template":"","format":"standard","meta":{"ub_ctt_via":"","_mi_skip_tracking":false},"categories":[8,9],"tags":[102],"featured_image_src":"https:\/\/www.messinaoggi.it\/website\/wp-content\/uploads\/2020\/02\/IMG_3238-Copia.jpg","author_info":{"display_name":"Giuseppe Luppino","author_link":"https:\/\/www.messinaoggi.it\/website\/author\/g-luppino\/"},"digistream_id":0,"digistream":false,"_links":{"self":[{"href":"https:\/\/www.messinaoggi.it\/website\/wp-json\/wp\/v2\/posts\/40179"}],"collection":[{"href":"https:\/\/www.messinaoggi.it\/website\/wp-json\/wp\/v2\/posts"}],"about":[{"href":"https:\/\/www.messinaoggi.it\/website\/wp-json\/wp\/v2\/types\/post"}],"author":[{"embeddable":true,"href":"https:\/\/www.messinaoggi.it\/website\/wp-json\/wp\/v2\/users\/17"}],"replies":[{"embeddable":true,"href":"https:\/\/www.messinaoggi.it\/website\/wp-json\/wp\/v2\/comments?post=40179"}],"version-history":[{"count":0,"href":"https:\/\/www.messinaoggi.it\/website\/wp-json\/wp\/v2\/posts\/40179\/revisions"}],"wp:featuredmedia":[{"embeddable":true,"href":"https:\/\/www.messinaoggi.it\/website\/wp-json\/wp\/v2\/media\/40180"}],"wp:attachment":[{"href":"https:\/\/www.messinaoggi.it\/website\/wp-json\/wp\/v2\/media?parent=40179"}],"wp:term":[{"taxonomy":"category","embeddable":true,"href":"https:\/\/www.messinaoggi.it\/website\/wp-json\/wp\/v2\/categories?post=40179"},{"taxonomy":"post_tag","embeddable":true,"href":"https:\/\/www.messinaoggi.it\/website\/wp-json\/wp\/v2\/tags?post=40179"}],"curies":[{"name":"wp","href":"https:\/\/api.w.org\/{rel}","templated":true}]}}