{"id":40136,"date":"2020-02-06T10:16:54","date_gmt":"2020-02-06T09:16:54","guid":{"rendered":"https:\/\/www.messinaoggi.it\/website\/?p=40136"},"modified":"2020-02-06T10:16:54","modified_gmt":"2020-02-06T09:16:54","slug":"caro-voli-ok-dellars-a-mozione-per-garantire-la-continuita-territoriale","status":"publish","type":"post","link":"https:\/\/www.messinaoggi.it\/website\/2020\/02\/06\/caro-voli-ok-dellars-a-mozione-per-garantire-la-continuita-territoriale\/","title":{"rendered":"Caro voli, ok dell&#039;Ars a mozione per garantire la continuit\u00e0 territoriale"},"content":{"rendered":"<p>Giungono nuove novit\u00e0 sul fronte caro voli. Dopo l&#8217;ok del governo nazionale di inserire nell&#8217;ultima legge di bilancio delle tariffe agevolate per alcune categorie di utenti, adesso arriva anche il via libera dell&#8217;Ars. Ieri \u00e8 stata approvata infatti un&#8217;apposita mozione a firma del Movimento 5 Stelle, che prevede fondamentalmente che il governo regionale si impegni ad attivare le interlocuzioni necessarie per il riconoscimento di tariffe agevolate per lavoratori, studenti fuori sede e residenti che si spostano per cure mediche per i passeggeri che viaggiano dagli aeroporti di Catania e Palermo verso Roma e Milano e viceversa.<br \/>\n\u201cEssere isolani non vuol dire essere isolati. I cittadini della nostra isola vivono quotidianamente il problema di doversi spostare fuori dalla Sicilia. Con il governo nazionale si \u00e8 provveduto a mettere in legge di bilancio le tariffe sociali. Anche l\u2019Assemblea Regionale Siciliana ha compreso l\u2019importanza della mobilit\u00e0 sancita dall\u2019articolo 16 della nostra Costituzione\u201d, spiega la deputata regionale del Movimento 5 Stelle Jose Marano, firmataria della mozione M5S approvata a Palazzo dei Normanni. \u201cSiamo felici del rinnovato interessamento della politica siciliana\u00a0 &#8211; aggiunge Marano &#8211; verso il caro voli. Dispiace notare come per\u00f2 questo interessamento sia stato palesemente postumo rispetto alle prese di posizioni del governo Conte, ma a questo punto ben vengano se si mettono da parte gli steccati politici per dare risultati utili a tutti i cittadini\u201d.<br \/>\nE a coloro i quali hanno avanzato critiche per non aver affrontato la questione legata all&#8217;insularit\u00e0, la pentastellata Stefania Campo risponde: \u201cAvendo seguito con attenzione il lavoro istituzionale per il riconoscimento della condizione di insularit\u00e0 della nostra Isola e della Sardegna non posso che stigmatizzare le malcelate intenzioni di alcuni interventi ascoltati in Aula che erano tesi a distrarre l&#8217;attenzione dal valore specifico della nostra mozione sulla continuit\u00e0 territoriale, approvata anche dalla maggioranza stessa, introducendo la questione dell&#8217;insularit\u00e0. Sappiamo tutti che i due temi non si sovrappongono ma camminano su binari paralleli. Il riconoscimento dell&#8217;insularit\u00e0, sacrosanto, avr\u00e0 certamente bisogno della nostra massima attenzione ma, nella seduta di ieri, si \u00e8, altres\u00ec, portato a casa un risultato significativo. Ovvero, la richiesta di inserire anche gli aeroporti di Catania e Palermo fra quelli che potranno usufruire del contributo per calmierare il costo dei biglietti aerei di nostri coisolani\u201d, conclude Campo.<div id=\"div-gpt-ad-Messinaoggi.it-DSK-300x250-corpoart\" style=\"text-align:center;margin:0 auto;\"><\/div><\/p>\n<div id=\"videoincontent\" style=\"clear:both\";><\/div>","protected":false},"excerpt":{"rendered":"<p>Giungono nuove novit\u00e0 sul fronte caro voli. Dopo l&#8217;ok del governo nazionale di inserire nell&#8217;ultima legge di bilancio delle tariffe agevolate per alcune categorie di utenti, adesso arriva anche il via libera dell&#8217;Ars. Ieri \u00e8 stata approvata infatti un&#8217;apposita mozione a firma del Movimento 5 Stelle, che prevede fondamentalmente che il governo regionale si impegni [&hellip;]<\/p>\n","protected":false},"author":8,"featured_media":38932,"comment_status":"closed","ping_status":"closed","sticky":false,"template":"","format":"standard","meta":{"ub_ctt_via":"","_mi_skip_tracking":false},"categories":[11],"tags":[],"featured_image_src":"https:\/\/www.messinaoggi.it\/website\/wp-content\/uploads\/2019\/12\/stop-ai-ricari-aerei.jpg","author_info":{"display_name":"red..me","author_link":"https:\/\/www.messinaoggi.it\/website\/author\/redstage\/"},"digistream_id":0,"digistream":false,"_links":{"self":[{"href":"https:\/\/www.messinaoggi.it\/website\/wp-json\/wp\/v2\/posts\/40136"}],"collection":[{"href":"https:\/\/www.messinaoggi.it\/website\/wp-json\/wp\/v2\/posts"}],"about":[{"href":"https:\/\/www.messinaoggi.it\/website\/wp-json\/wp\/v2\/types\/post"}],"author":[{"embeddable":true,"href":"https:\/\/www.messinaoggi.it\/website\/wp-json\/wp\/v2\/users\/8"}],"replies":[{"embeddable":true,"href":"https:\/\/www.messinaoggi.it\/website\/wp-json\/wp\/v2\/comments?post=40136"}],"version-history":[{"count":0,"href":"https:\/\/www.messinaoggi.it\/website\/wp-json\/wp\/v2\/posts\/40136\/revisions"}],"wp:featuredmedia":[{"embeddable":true,"href":"https:\/\/www.messinaoggi.it\/website\/wp-json\/wp\/v2\/media\/38932"}],"wp:attachment":[{"href":"https:\/\/www.messinaoggi.it\/website\/wp-json\/wp\/v2\/media?parent=40136"}],"wp:term":[{"taxonomy":"category","embeddable":true,"href":"https:\/\/www.messinaoggi.it\/website\/wp-json\/wp\/v2\/categories?post=40136"},{"taxonomy":"post_tag","embeddable":true,"href":"https:\/\/www.messinaoggi.it\/website\/wp-json\/wp\/v2\/tags?post=40136"}],"curies":[{"name":"wp","href":"https:\/\/api.w.org\/{rel}","templated":true}]}}