{"id":40132,"date":"2020-02-06T09:32:44","date_gmt":"2020-02-06T08:32:44","guid":{"rendered":"https:\/\/www.messinaoggi.it\/website\/?p=40132"},"modified":"2020-02-06T09:32:44","modified_gmt":"2020-02-06T08:32:44","slug":"messina-grida-basta-femminicidi","status":"publish","type":"post","link":"https:\/\/www.messinaoggi.it\/website\/2020\/02\/06\/messina-grida-basta-femminicidi\/","title":{"rendered":"Messina grida: &quot;Basta femminicidi&quot;"},"content":{"rendered":"<p>Messina si sveglia tappezzata di manifesti contro la violenza sulle donne. In attesa della giornata globale di mobilitazione femminista dell&#8217;8 marzo, in pi\u00f9 punti della citt\u00e0 di Messina sono stati affissi diversi manifesti contro la violenza sulle donne e l\u2019oppressione di genere.<br \/>\n&#8220;Non \u00e8 gelosia, \u00e8 patriarcato! L(otto) marzo scendi in piazza, &#8216;bbannia cu mia!&#8221; \u00e8 uno dei messaggi che viene espresso. Un&#8217;azione simbolica e comunicativa che nasce dalla volont\u00e0 di voler mettere sotto i riflettori dell&#8217;opinione pubblica il carattere\u00a0 patriarcale e sessista del sistema vigente, cosa troppo spesso sottaciuta e sottovalutata. \u201cLa scorsa settimana, nel giro di 48 ore si sono consumati 3 femminicidi in Sicilia e altri 4 sul resto del territorio italiano\u201d scrive il collettivo Non una di meno &#8211; Messina. \u201cFEMMINICIDI. Chiamiamoli con il loro nome. Tre donne sono state uccise per mano di uomini. Mentre la stampa spiega il tutto come puri e semplici atti di gelosia, noi vogliamo ribadire che la violenza sulle donne, che vede nei femminicidi la punta di un iceberg molto pi\u00f9 grande, non sono uccisioni dovute a tempeste emotive o a raptus del momento: alla base vi sta il patriarcato.<br \/>\n<img loading=\"lazy\" class=\"alignnone size-medium wp-image-40134\" src=\"https:\/\/www.messinaoggi.it\/website\/wp-content\/uploads\/2020\/02\/IMG-20200206-WA0001-300x225.jpg\" alt=\"\" width=\"300\" height=\"225\" \/><br \/>\nCi ribelliamo\u00a0alla normalizzazione di questo male, alla violenza di genere (in tutte le sue forme) \u00a0che viene trattata come qualcosa di ordinario e di cui \u00e8 la donna stessa ad essere responsabile del suo verificarsi. L&#8217;8 marzo scenderemo in piazza per affermare il diritto all&#8217;autodeterminazione, per opporci a questa interpretazione mistificata della violenza di genere e lo faremo anche per tutte quelle donne che oggi, ahinoi, \u00a0pi\u00f9 non hanno voce&#8221;.<br \/>\nIl 13 febbraio alle ore 18 presso La Feltrinelli Point Messina (https:\/\/www.facebook.com\/events\/194967925025303\/) si svolger\u00e0 \u00a0un&#8217;assemblea cittadina indetta dal collettivo a cui \u00e8 invitata l&#8217;intera cittadinanza cos\u00ec da costruire insieme la giornata di mobilitazione dell&#8217;8 marzo a Messina.<div id=\"div-gpt-ad-Messinaoggi.it-DSK-300x250-corpoart\" style=\"text-align:center;margin:0 auto;\"><\/div><\/p>\n<div id=\"videoincontent\" style=\"clear:both\";><\/div>","protected":false},"excerpt":{"rendered":"<p>Messina si sveglia tappezzata di manifesti contro la violenza sulle donne. In attesa della giornata globale di mobilitazione femminista dell&#8217;8 marzo, in pi\u00f9 punti della citt\u00e0 di Messina sono stati affissi diversi manifesti contro la violenza sulle donne e l\u2019oppressione di genere. &#8220;Non \u00e8 gelosia, \u00e8 patriarcato! L(otto) marzo scendi in piazza, &#8216;bbannia cu mia!&#8221; [&hellip;]<\/p>\n","protected":false},"author":4,"featured_media":40133,"comment_status":"closed","ping_status":"closed","sticky":false,"template":"","format":"standard","meta":{"ub_ctt_via":"","_mi_skip_tracking":false},"categories":[6],"tags":[],"featured_image_src":"https:\/\/www.messinaoggi.it\/website\/wp-content\/uploads\/2020\/02\/IMG-20200206-WA0002.jpg","author_info":{"display_name":"redme","author_link":"https:\/\/www.messinaoggi.it\/website\/author\/redme\/"},"digistream_id":0,"digistream":false,"_links":{"self":[{"href":"https:\/\/www.messinaoggi.it\/website\/wp-json\/wp\/v2\/posts\/40132"}],"collection":[{"href":"https:\/\/www.messinaoggi.it\/website\/wp-json\/wp\/v2\/posts"}],"about":[{"href":"https:\/\/www.messinaoggi.it\/website\/wp-json\/wp\/v2\/types\/post"}],"author":[{"embeddable":true,"href":"https:\/\/www.messinaoggi.it\/website\/wp-json\/wp\/v2\/users\/4"}],"replies":[{"embeddable":true,"href":"https:\/\/www.messinaoggi.it\/website\/wp-json\/wp\/v2\/comments?post=40132"}],"version-history":[{"count":0,"href":"https:\/\/www.messinaoggi.it\/website\/wp-json\/wp\/v2\/posts\/40132\/revisions"}],"wp:featuredmedia":[{"embeddable":true,"href":"https:\/\/www.messinaoggi.it\/website\/wp-json\/wp\/v2\/media\/40133"}],"wp:attachment":[{"href":"https:\/\/www.messinaoggi.it\/website\/wp-json\/wp\/v2\/media?parent=40132"}],"wp:term":[{"taxonomy":"category","embeddable":true,"href":"https:\/\/www.messinaoggi.it\/website\/wp-json\/wp\/v2\/categories?post=40132"},{"taxonomy":"post_tag","embeddable":true,"href":"https:\/\/www.messinaoggi.it\/website\/wp-json\/wp\/v2\/tags?post=40132"}],"curies":[{"name":"wp","href":"https:\/\/api.w.org\/{rel}","templated":true}]}}