{"id":40101,"date":"2020-02-04T11:55:56","date_gmt":"2020-02-04T10:55:56","guid":{"rendered":"https:\/\/www.messinaoggi.it\/website\/?p=40101"},"modified":"2020-02-04T11:55:56","modified_gmt":"2020-02-04T10:55:56","slug":"aggressione-a-piazza-stazione-e-caccia-alluomo","status":"publish","type":"post","link":"https:\/\/www.messinaoggi.it\/website\/2020\/02\/04\/aggressione-a-piazza-stazione-e-caccia-alluomo\/","title":{"rendered":"Aggressione a Piazza Stazione: catturato il responsabile"},"content":{"rendered":"<p style=\"text-align: justify;\">\u00c8 caccia all&#8217;uomo. In questi minuti si \u00e8 verificata un&#8217;aggressione a piazza Stazione. Un uomo infatti \u00e8 stato aggredito da un soggetto, di cui al momento si sa soltanto che viaggiava su un Honda Sh e indossava un casco arancione. L&#8217;aggressione \u00e8 avvenuta sotto gli occhi di tutti, vigili urbani compresi. Gli operatori della Polizia municipale infatti stavano realizzando dei controlli di routine in zona, quando all&#8217;improvviso hanno visto l&#8217;uomo scagliarsi contro il povero malcapitato.<div id=\"div-gpt-ad-Messinaoggi.it-DSK-300x250-corpoart\" style=\"text-align:center;margin:0 auto;\"><\/div><\/p>\n<p><a href=\"https:\/\/www.messinaoggi.it\/website\/wp-content\/uploads\/2020\/02\/aggressione-piazza-stazione.jpg\"><img loading=\"lazy\" class=\"alignnone size-full wp-image-40103\" src=\"https:\/\/www.messinaoggi.it\/website\/wp-content\/uploads\/2020\/02\/aggressione-piazza-stazione.jpg\" alt=\"\" width=\"1600\" height=\"1200\" \/><\/a><div id=\"videoincontent\" style=\"clear:both\";><\/div><\/p>\n<p style=\"text-align: justify;\">Terminata l&#8217;aggressione, il centauro si \u00e8 messo in sella alla propria moto e si \u00e8 dato alla fuga. Adesso le forze dell&#8217;ordine si sono messe alla ricerca dell&#8217;aggressore, che stando all&#8217;ultimo avvistamento era diretto in via Luigi Rizzo.<\/p>\n<p style=\"text-align: justify;\"><strong>Aggiornamento.<\/strong> Giungono nuovi particolari sull&#8217;aggressione di stamani. Sembrerebbe infatti che la vittima sia il titolare di un negozio cinese sito in prossimit\u00e0 della stazione centrale. L&#8217;esercente infatti avrebbe subito una tentata rapina, che per\u00f2 non sarebbe andata in porto. L&#8217;aggressore invece \u00e8 stato catturato. Disposto altres\u00ec dai vigili urbani il sequestro giudiziario per il mezzo usato per fuggire.<\/p>\n","protected":false},"excerpt":{"rendered":"<p>\u00c8 caccia all&#8217;uomo. In questi minuti si \u00e8 verificata un&#8217;aggressione a piazza Stazione. Un uomo infatti \u00e8 stato aggredito da un soggetto, di cui al momento si sa soltanto che viaggiava su un Honda Sh e indossava un casco arancione. L&#8217;aggressione \u00e8 avvenuta sotto gli occhi di tutti, vigili urbani compresi. Gli operatori della Polizia [&hellip;]<\/p>\n","protected":false},"author":8,"featured_media":40104,"comment_status":"closed","ping_status":"closed","sticky":false,"template":"","format":"standard","meta":{"ub_ctt_via":"","_mi_skip_tracking":false},"categories":[19],"tags":[],"featured_image_src":"https:\/\/www.messinaoggi.it\/website\/wp-content\/uploads\/2020\/02\/aggressione-piazza-stazione-2.jpg","author_info":{"display_name":"red..me","author_link":"https:\/\/www.messinaoggi.it\/website\/author\/redstage\/"},"digistream_id":0,"digistream":false,"_links":{"self":[{"href":"https:\/\/www.messinaoggi.it\/website\/wp-json\/wp\/v2\/posts\/40101"}],"collection":[{"href":"https:\/\/www.messinaoggi.it\/website\/wp-json\/wp\/v2\/posts"}],"about":[{"href":"https:\/\/www.messinaoggi.it\/website\/wp-json\/wp\/v2\/types\/post"}],"author":[{"embeddable":true,"href":"https:\/\/www.messinaoggi.it\/website\/wp-json\/wp\/v2\/users\/8"}],"replies":[{"embeddable":true,"href":"https:\/\/www.messinaoggi.it\/website\/wp-json\/wp\/v2\/comments?post=40101"}],"version-history":[{"count":0,"href":"https:\/\/www.messinaoggi.it\/website\/wp-json\/wp\/v2\/posts\/40101\/revisions"}],"wp:featuredmedia":[{"embeddable":true,"href":"https:\/\/www.messinaoggi.it\/website\/wp-json\/wp\/v2\/media\/40104"}],"wp:attachment":[{"href":"https:\/\/www.messinaoggi.it\/website\/wp-json\/wp\/v2\/media?parent=40101"}],"wp:term":[{"taxonomy":"category","embeddable":true,"href":"https:\/\/www.messinaoggi.it\/website\/wp-json\/wp\/v2\/categories?post=40101"},{"taxonomy":"post_tag","embeddable":true,"href":"https:\/\/www.messinaoggi.it\/website\/wp-json\/wp\/v2\/tags?post=40101"}],"curies":[{"name":"wp","href":"https:\/\/api.w.org\/{rel}","templated":true}]}}