{"id":40093,"date":"2020-02-03T22:48:17","date_gmt":"2020-02-03T21:48:17","guid":{"rendered":"https:\/\/www.messinaoggi.it\/website\/?p=40093"},"modified":"2020-02-03T22:48:17","modified_gmt":"2020-02-03T21:48:17","slug":"acr-messina-karel-zeman-si-dimette","status":"publish","type":"post","link":"https:\/\/www.messinaoggi.it\/website\/2020\/02\/03\/acr-messina-karel-zeman-si-dimette\/","title":{"rendered":"ACR Messina: Karel Zeman si dimette"},"content":{"rendered":"<p style=\"text-align: justify\">Al peggio non c&#8217;\u00e8 mai fine recita un vecchio adagio.<div id=\"div-gpt-ad-Messinaoggi.it-DSK-300x250-corpoart\" style=\"text-align:center;margin:0 auto;\"><\/div><\/p>\n<p style=\"text-align: justify\">All&#8217;indomani dell&#8217;inopinata sconfitta interna col Marina di Ragusa, scoppia il caos in seno all&#8217;ACR Messina. Il tecnico Karel Zeman avrebbe rassegnato le proprie dimissioni !<div id=\"videoincontent\" style=\"clear:both\";><\/div><\/p>\n<p style=\"text-align: justify\">Gi\u00e0 al termine della gara di domenica, il silenzio stampa di tecnico e societ\u00e0, non lasciava presagire nulla di buono.<\/p>\n<p style=\"text-align: justify\">E cos\u00ec \u00e8 stato, vista la decisione che il tecnico peloritano avrebbe preso.<\/p>\n<p style=\"text-align: justify\">La &#8220;palla&#8221; passa adesso al presidente Sciotto che, al suo rientro a Messina, decider\u00e0 se respingere o meno le dimissioni di Zeman. Una storia senza fine quella che coinvolge l&#8217;ACR Messina sin dall&#8217;inizio del campionato.\u00a0Cambi continui di dirigenti, allenatori e giocatori e risultati ben al di sotto delle aspettative, stanno determinando l&#8217;ennesima stagione fallimentare della societ\u00e0 del presidente Pietro Sciotto.<\/p>\n<p style=\"text-align: justify\">La tifoseria organizzata ha gi\u00e0 preso le distanze dalla societ\u00e0 e resta a guardare ancora una volta un film gi\u00e0 visto e rivisto, il cui finale \u00e8 sempre lo stesso.<\/p>\n<p style=\"text-align: justify\">\n","protected":false},"excerpt":{"rendered":"<p>Al peggio non c&#8217;\u00e8 mai fine recita un vecchio adagio. All&#8217;indomani dell&#8217;inopinata sconfitta interna col Marina di Ragusa, scoppia il caos in seno all&#8217;ACR Messina. Il tecnico Karel Zeman avrebbe rassegnato le proprie dimissioni ! Gi\u00e0 al termine della gara di domenica, il silenzio stampa di tecnico e societ\u00e0, non lasciava presagire nulla di buono. [&hellip;]<\/p>\n","protected":false},"author":17,"featured_media":40094,"comment_status":"closed","ping_status":"closed","sticky":false,"template":"","format":"standard","meta":{"ub_ctt_via":"","_mi_skip_tracking":false},"categories":[10,9],"tags":[],"featured_image_src":"https:\/\/www.messinaoggi.it\/website\/wp-content\/uploads\/2020\/02\/zeman-e-sciotto.jpg","author_info":{"display_name":"Giuseppe Luppino","author_link":"https:\/\/www.messinaoggi.it\/website\/author\/g-luppino\/"},"digistream_id":0,"digistream":false,"_links":{"self":[{"href":"https:\/\/www.messinaoggi.it\/website\/wp-json\/wp\/v2\/posts\/40093"}],"collection":[{"href":"https:\/\/www.messinaoggi.it\/website\/wp-json\/wp\/v2\/posts"}],"about":[{"href":"https:\/\/www.messinaoggi.it\/website\/wp-json\/wp\/v2\/types\/post"}],"author":[{"embeddable":true,"href":"https:\/\/www.messinaoggi.it\/website\/wp-json\/wp\/v2\/users\/17"}],"replies":[{"embeddable":true,"href":"https:\/\/www.messinaoggi.it\/website\/wp-json\/wp\/v2\/comments?post=40093"}],"version-history":[{"count":0,"href":"https:\/\/www.messinaoggi.it\/website\/wp-json\/wp\/v2\/posts\/40093\/revisions"}],"wp:featuredmedia":[{"embeddable":true,"href":"https:\/\/www.messinaoggi.it\/website\/wp-json\/wp\/v2\/media\/40094"}],"wp:attachment":[{"href":"https:\/\/www.messinaoggi.it\/website\/wp-json\/wp\/v2\/media?parent=40093"}],"wp:term":[{"taxonomy":"category","embeddable":true,"href":"https:\/\/www.messinaoggi.it\/website\/wp-json\/wp\/v2\/categories?post=40093"},{"taxonomy":"post_tag","embeddable":true,"href":"https:\/\/www.messinaoggi.it\/website\/wp-json\/wp\/v2\/tags?post=40093"}],"curies":[{"name":"wp","href":"https:\/\/api.w.org\/{rel}","templated":true}]}}