{"id":40009,"date":"2020-01-31T15:59:37","date_gmt":"2020-01-31T14:59:37","guid":{"rendered":"https:\/\/www.messinaoggi.it\/website\/?p=40009"},"modified":"2020-01-31T15:59:37","modified_gmt":"2020-01-31T14:59:37","slug":"palazzo-zanca-snellimento-burocratico-per-certificazioni-di-agibilita","status":"publish","type":"post","link":"https:\/\/www.messinaoggi.it\/website\/2020\/01\/31\/palazzo-zanca-snellimento-burocratico-per-certificazioni-di-agibilita\/","title":{"rendered":"Palazzo Zanca: snellimento burocratico per certificazioni di agibilit\u00e0"},"content":{"rendered":"<p style=\"text-align: justify\">Si \u00e8 tenuto stamani a Palazzo Zanca, convocato dal Vicesindaco Salvatore Mondello, un tavolo tecnico relativo alla concessione dell\u2019agibilit\u00e0 edilizia, cui hanno preso parte Francesco Cardillo per l\u2019ANACI Messina; Carmelo Fama e Filippo Terranova del dipartimento Servizi Territoriali ed Urbanistici; rappresentanti degli Ordini Professionali Tecnici, degli amministratori dei Condomini e dell\u2019ANCE Messina.<div id=\"div-gpt-ad-Messinaoggi.it-DSK-300x250-corpoart\" style=\"text-align:center;margin:0 auto;\"><\/div><\/p>\n<p style=\"text-align: justify\">\u201c\u00c8 stato l\u2019ultimo di una serie di incontri \u2013 ha evidenziato il Vicesindaco Mondello \u2013 finalizzati allo snellimento ed al chiarimento delle procedure relative al rilascio delle certificazioni di agibilit\u00e0. Questa attivit\u00e0 si \u00e8 resa necessaria soprattutto per gli edifici esistenti che spesso presentano carenze e difficolt\u00e0 procedurali per la produzione della documentazione mancante.&#8221;<div id=\"videoincontent\" style=\"clear:both\";><\/div><\/p>\n<p style=\"text-align: justify\">&#8220;Ancora una volta attraverso la condivisione e la sinergia abbiamo ottenuto risultati proficui sotto il profilo della risoluzione delle problematiche. In tempi brevi sar\u00e0 esitata una delibera di Giunta contenente la modulistica di settore. Ringrazio tutti i partecipanti per la fattiva collaborazione che proseguir\u00e0 per tutte le materie che attengono tali specificit\u00e0\u201d.<\/p>\n","protected":false},"excerpt":{"rendered":"<p>Si \u00e8 tenuto stamani a Palazzo Zanca, convocato dal Vicesindaco Salvatore Mondello, un tavolo tecnico relativo alla concessione dell\u2019agibilit\u00e0 edilizia, cui hanno preso parte Francesco Cardillo per l\u2019ANACI Messina; Carmelo Fama e Filippo Terranova del dipartimento Servizi Territoriali ed Urbanistici; rappresentanti degli Ordini Professionali Tecnici, degli amministratori dei Condomini e dell\u2019ANCE Messina. \u201c\u00c8 stato l\u2019ultimo [&hellip;]<\/p>\n","protected":false},"author":17,"featured_media":10355,"comment_status":"closed","ping_status":"closed","sticky":false,"template":"","format":"standard","meta":{"ub_ctt_via":"","_mi_skip_tracking":false},"categories":[5],"tags":[30],"featured_image_src":"https:\/\/www.messinaoggi.it\/website\/wp-content\/uploads\/2017\/10\/palazzo-zanca-messinaRRP_1715.jpg","author_info":{"display_name":"Giuseppe Luppino","author_link":"https:\/\/www.messinaoggi.it\/website\/author\/g-luppino\/"},"digistream_id":0,"digistream":false,"_links":{"self":[{"href":"https:\/\/www.messinaoggi.it\/website\/wp-json\/wp\/v2\/posts\/40009"}],"collection":[{"href":"https:\/\/www.messinaoggi.it\/website\/wp-json\/wp\/v2\/posts"}],"about":[{"href":"https:\/\/www.messinaoggi.it\/website\/wp-json\/wp\/v2\/types\/post"}],"author":[{"embeddable":true,"href":"https:\/\/www.messinaoggi.it\/website\/wp-json\/wp\/v2\/users\/17"}],"replies":[{"embeddable":true,"href":"https:\/\/www.messinaoggi.it\/website\/wp-json\/wp\/v2\/comments?post=40009"}],"version-history":[{"count":0,"href":"https:\/\/www.messinaoggi.it\/website\/wp-json\/wp\/v2\/posts\/40009\/revisions"}],"wp:featuredmedia":[{"embeddable":true,"href":"https:\/\/www.messinaoggi.it\/website\/wp-json\/wp\/v2\/media\/10355"}],"wp:attachment":[{"href":"https:\/\/www.messinaoggi.it\/website\/wp-json\/wp\/v2\/media?parent=40009"}],"wp:term":[{"taxonomy":"category","embeddable":true,"href":"https:\/\/www.messinaoggi.it\/website\/wp-json\/wp\/v2\/categories?post=40009"},{"taxonomy":"post_tag","embeddable":true,"href":"https:\/\/www.messinaoggi.it\/website\/wp-json\/wp\/v2\/tags?post=40009"}],"curies":[{"name":"wp","href":"https:\/\/api.w.org\/{rel}","templated":true}]}}