{"id":40001,"date":"2020-01-31T12:30:28","date_gmt":"2020-01-31T11:30:28","guid":{"rendered":"https:\/\/www.messinaoggi.it\/website\/?p=40001"},"modified":"2020-01-31T12:30:28","modified_gmt":"2020-01-31T11:30:28","slug":"mafia-disposto-laccesso-ispettivo-a-tortorici","status":"publish","type":"post","link":"https:\/\/www.messinaoggi.it\/website\/2020\/01\/31\/mafia-disposto-laccesso-ispettivo-a-tortorici\/","title":{"rendered":"Mafia, disposto l&#039;accesso ispettivo a Tortorici"},"content":{"rendered":"<p>Disposto l&#8217;accesso ispettivo nel comune di Tortorici. Infatti, a seguito della recente indagine nei Nebrodi da parte del Ros e della Finanza, che vede tra gli indagati anche il sindaco di Tortorici Emanuele Galati Sardo, che attualmente <a href=\"https:\/\/www.messinaoggi.it\/website\/2020\/01\/15\/maxi-inchiesta-nei-nebrodi-sospeso-il-sindaco-di-tortorici\/\"><span style=\"text-decoration: underline\">risulta essere sospeso dalla propria carica<\/span><\/a>, il prefetto di Messina Maria Carmela Librizzi, su delega del ministro dell&#8217;Interno, ha disposto l&#8217;accesso ispettivo antimafia all&#8217;interno del Comune.<div id=\"div-gpt-ad-Messinaoggi.it-DSK-300x250-corpoart\" style=\"text-align:center;margin:0 auto;\"><\/div><\/p>\n<blockquote class=\"wp-embedded-content\" data-secret=\"gDBh3PnZoY\"><p><a href=\"https:\/\/www.messinaoggi.it\/website\/2020\/01\/15\/mafia-dei-nebrodi-stroncato-clan-tortoriciani-94-arresti\/\">Mafia dei Nebrodi: 94 arresti. In manette anche il sindaco di Tortorici. TUTTI I NOMI<\/a><div id=\"videoincontent\" style=\"clear:both\";><\/div><\/p><\/blockquote>\n<p><iframe class=\"wp-embedded-content\" sandbox=\"allow-scripts\" security=\"restricted\" style=\"position: absolute; clip: rect(1px, 1px, 1px, 1px);\" title=\"&#8220;Mafia dei Nebrodi: 94 arresti. In manette anche il sindaco di Tortorici. TUTTI I NOMI&#8221; &#8212; Messina Oggi\" src=\"https:\/\/www.messinaoggi.it\/website\/2020\/01\/15\/mafia-dei-nebrodi-stroncato-clan-tortoriciani-94-arresti\/embed\/#?secret=gDBh3PnZoY\" data-secret=\"gDBh3PnZoY\" width=\"500\" height=\"282\" frameborder=\"0\" marginwidth=\"0\" marginheight=\"0\" scrolling=\"no\"><\/iframe><br \/>\n <br \/>\nA tal fine, \u00e8 stata nominata una Commissione di indagine, che sar\u00e0 incaricata di compiere approfonditi accertamenti per verificare l&#8217;eventuale sussistenza di collegamenti, diretti o indiretti, con la criminalit\u00e0 organizzata. Pertanto, la Commissione sar\u00e0 operativa gi\u00e0 da oggi.<br \/>\nL&#8217;attivit\u00e0 ispettiva della Commissione sar\u00e0 supportata dal personale delle forze di polizia e dovr\u00e0 concludersi entro tre mesi, periodo prorogabile per altri tre mesi in caso di necessit\u00e0.<\/p>\n","protected":false},"excerpt":{"rendered":"<p>Disposto l&#8217;accesso ispettivo nel comune di Tortorici. Infatti, a seguito della recente indagine nei Nebrodi da parte del Ros e della Finanza, che vede tra gli indagati anche il sindaco di Tortorici Emanuele Galati Sardo, che attualmente risulta essere sospeso dalla propria carica, il prefetto di Messina Maria Carmela Librizzi, su delega del ministro dell&#8217;Interno, [&hellip;]<\/p>\n","protected":false},"author":8,"featured_media":29778,"comment_status":"closed","ping_status":"closed","sticky":false,"template":"","format":"standard","meta":{"ub_ctt_via":"","_mi_skip_tracking":false},"categories":[6],"tags":[],"featured_image_src":"https:\/\/www.messinaoggi.it\/website\/wp-content\/uploads\/2019\/02\/Tortorici-veduta.jpg","author_info":{"display_name":"red..me","author_link":"https:\/\/www.messinaoggi.it\/website\/author\/redstage\/"},"digistream_id":0,"digistream":false,"_links":{"self":[{"href":"https:\/\/www.messinaoggi.it\/website\/wp-json\/wp\/v2\/posts\/40001"}],"collection":[{"href":"https:\/\/www.messinaoggi.it\/website\/wp-json\/wp\/v2\/posts"}],"about":[{"href":"https:\/\/www.messinaoggi.it\/website\/wp-json\/wp\/v2\/types\/post"}],"author":[{"embeddable":true,"href":"https:\/\/www.messinaoggi.it\/website\/wp-json\/wp\/v2\/users\/8"}],"replies":[{"embeddable":true,"href":"https:\/\/www.messinaoggi.it\/website\/wp-json\/wp\/v2\/comments?post=40001"}],"version-history":[{"count":0,"href":"https:\/\/www.messinaoggi.it\/website\/wp-json\/wp\/v2\/posts\/40001\/revisions"}],"wp:featuredmedia":[{"embeddable":true,"href":"https:\/\/www.messinaoggi.it\/website\/wp-json\/wp\/v2\/media\/29778"}],"wp:attachment":[{"href":"https:\/\/www.messinaoggi.it\/website\/wp-json\/wp\/v2\/media?parent=40001"}],"wp:term":[{"taxonomy":"category","embeddable":true,"href":"https:\/\/www.messinaoggi.it\/website\/wp-json\/wp\/v2\/categories?post=40001"},{"taxonomy":"post_tag","embeddable":true,"href":"https:\/\/www.messinaoggi.it\/website\/wp-json\/wp\/v2\/tags?post=40001"}],"curies":[{"name":"wp","href":"https:\/\/api.w.org\/{rel}","templated":true}]}}