{"id":39987,"date":"2020-01-31T10:11:48","date_gmt":"2020-01-31T09:11:48","guid":{"rendered":"https:\/\/www.messinaoggi.it\/website\/?p=39987"},"modified":"2020-01-31T10:11:48","modified_gmt":"2020-01-31T09:11:48","slug":"credito-ugl-sicilia-piena-fiducia-nellassemblea-siciliana","status":"publish","type":"post","link":"https:\/\/www.messinaoggi.it\/website\/2020\/01\/31\/credito-ugl-sicilia-piena-fiducia-nellassemblea-siciliana\/","title":{"rendered":"Credito, Ugl Sicilia: &quot;Piena fiducia nell&#039;assemblea siciliana&quot;"},"content":{"rendered":"<p class=\"p1\" style=\"text-align: justify;\"><span class=\"s1\">&#8220;Piena fiducia nell&#8217;Assemblea regionale siciliana e speriamo che nella prossima riunione si possa definitivamente risolvere il nodo Crias, con l&#8217;approvazione dell&#8217;emendamento, da noi fortemente auspicato, che proroga le modifiche in materia di armonizzazione contabile previste dal dlgs 118\/2011.&#8221; E&#8217; il sentimento che nei giorni scorsi ha espresso Massimo Saeli, segretario regionale della Ugl credito Sicilia, nel corso di un incontro a Palazzo dei Normanni con il presidente dell&#8217;Ars Gianfranco Miccich\u00e8 ed il numero uno del gruppo parlamentare di Forza Italia Tommaso Calderone. <\/span><div id=\"div-gpt-ad-Messinaoggi.it-DSK-300x250-corpoart\" style=\"text-align:center;margin:0 auto;\"><\/div><\/p>\n<p class=\"p1\" style=\"text-align: justify;\"><span class=\"s1\">&#8220;Il disegno di legge \u00e8 gi\u00e0 stato incardinato in aula nella scorsa seduta e, per questo motivo, abbiamo espresso la nostra soddisfazione per la sensibilit\u00e0 dimostrata sia dal presidente Miccich\u00e8 che dal capogruppo Calderone. Nello stesso contesto abbiamo anche lanciato un appello su altre criticit\u00e0, a partire dalla prossima creazione dell&#8217;Irca (che nascer\u00e0 dalla fuzione della Crias con l&#8217;Ircac) con particolare attenzione sulle prospettive, sulle competenze e sull&#8217;assegnazione dei nuovi incarichi. Crediamo che sia vitale che il nuovo ente debba godere di nuove risorse poich\u00e9, cos\u00ec com&#8217;\u00e8, dubitiamo possa diventare un&#8217;eccellenza nel panorama finanziario siciliano.&#8221; Nella stessa giornata l&#8217;esponente della Ugl credito ha incontrato anche il vice presidente dell&#8217;Ars Angela Foti, insieme ad una delegazione di parlamentari del Movimento 5 stelle, i quali hanno assicurato, anch&#8217;essi, grande attenzione nei confronti delle problematiche della Crias.\u00a0<\/span><div id=\"videoincontent\" style=\"clear:both\";><\/div><\/p>\n","protected":false},"excerpt":{"rendered":"<p>&#8220;Piena fiducia nell&#8217;Assemblea regionale siciliana e speriamo che nella prossima riunione si possa definitivamente risolvere il nodo Crias, con l&#8217;approvazione dell&#8217;emendamento, da noi fortemente auspicato, che proroga le modifiche in materia di armonizzazione contabile previste dal dlgs 118\/2011.&#8221; E&#8217; il sentimento che nei giorni scorsi ha espresso Massimo Saeli, segretario regionale della Ugl credito Sicilia, [&hellip;]<\/p>\n","protected":false},"author":2,"featured_media":11693,"comment_status":"closed","ping_status":"closed","sticky":false,"template":"","format":"standard","meta":{"ub_ctt_via":"","_mi_skip_tracking":false},"categories":[4],"tags":[],"featured_image_src":"https:\/\/www.messinaoggi.it\/website\/wp-content\/uploads\/2017\/11\/palazzo-dei-normanni.jpg","author_info":{"display_name":"Redazione","author_link":"https:\/\/www.messinaoggi.it\/website\/author\/redazione\/"},"digistream_id":0,"digistream":false,"_links":{"self":[{"href":"https:\/\/www.messinaoggi.it\/website\/wp-json\/wp\/v2\/posts\/39987"}],"collection":[{"href":"https:\/\/www.messinaoggi.it\/website\/wp-json\/wp\/v2\/posts"}],"about":[{"href":"https:\/\/www.messinaoggi.it\/website\/wp-json\/wp\/v2\/types\/post"}],"author":[{"embeddable":true,"href":"https:\/\/www.messinaoggi.it\/website\/wp-json\/wp\/v2\/users\/2"}],"replies":[{"embeddable":true,"href":"https:\/\/www.messinaoggi.it\/website\/wp-json\/wp\/v2\/comments?post=39987"}],"version-history":[{"count":0,"href":"https:\/\/www.messinaoggi.it\/website\/wp-json\/wp\/v2\/posts\/39987\/revisions"}],"wp:featuredmedia":[{"embeddable":true,"href":"https:\/\/www.messinaoggi.it\/website\/wp-json\/wp\/v2\/media\/11693"}],"wp:attachment":[{"href":"https:\/\/www.messinaoggi.it\/website\/wp-json\/wp\/v2\/media?parent=39987"}],"wp:term":[{"taxonomy":"category","embeddable":true,"href":"https:\/\/www.messinaoggi.it\/website\/wp-json\/wp\/v2\/categories?post=39987"},{"taxonomy":"post_tag","embeddable":true,"href":"https:\/\/www.messinaoggi.it\/website\/wp-json\/wp\/v2\/tags?post=39987"}],"curies":[{"name":"wp","href":"https:\/\/api.w.org\/{rel}","templated":true}]}}