{"id":39936,"date":"2020-01-28T10:57:00","date_gmt":"2020-01-28T09:57:00","guid":{"rendered":"https:\/\/www.messinaoggi.it\/website\/?p=39936"},"modified":"2020-01-28T10:57:00","modified_gmt":"2020-01-28T09:57:00","slug":"gioveni-lascia-il-pd","status":"publish","type":"post","link":"https:\/\/www.messinaoggi.it\/website\/2020\/01\/28\/gioveni-lascia-il-pd\/","title":{"rendered":"Gioveni lascia il Pd"},"content":{"rendered":"<p>Il consigliere comunale Libero Gioveni ha annunciato il suo abbandono del Pd. Infatti, in una nota diramata ieri sera poco dopo la votazione del \u201cCambio di passo\u201d, Gioveni ha spiegato che passer\u00e0 al gruppo Misto. La decisione \u00e8 scaturita a seguito della constatazione da parte del consigliere comunale di trovarsi spesso e volentieri in disaccordo con i colleghi di partito, nel senso che da quando \u00e8 iniziata la corrente legislatura si \u00e8 trovato frequentemente ad avere delle posizioni diametralmente opposte a quelle del resto del gruppo. Riportiamo qui di seguito la lunga lettera di commiato dell\u2019ormai ex esponente del Partito democratico:<br \/>\n\u201c<em>\u00c8 con profondo dispiacere e non dopo aver maturato la ferma convinzione di farlo, che <strong>comunico la mia sofferta decisione di lasciare il gruppo del Partito Democratico<\/strong> <strong>e di transitare momentaneamente al gruppo Misto. <\/strong>Premetto subito, cos\u00ec come ho ribadito in pi\u00f9 occasioni, che non ho nulla di personale nei confronti dei colleghi del gruppo verso i quali nutro profonda stima per le loro competenze e la loro storia certificata nel Partito Democratico.<\/em><br \/>\n\u201c<em>La mia decisione (che, lo preciso sin da adesso, esula dall\u2019esito finale di stasera ed \u00e8 per questo che la sto comunicando all\u2019inizio) nasce non certamente dalla considerevole quantit\u00e0 di votazioni differenti in Aula in questi 18 mesi di mandato (la pi\u00f9 importante delle quali, il \u201csalva Messina\u201d, certamente ha rappresentato una evidente linea di demarcazione), ma dalla consapevolezza della <strong>fin troppo evidente diversit\u00e0 di vedute e di visione politica differente<\/strong> su temi, strategie e decisioni assunte in questo percorso amministrativo che la classica frase di circostanza da noi spesso pronunciata, ossia \u201cil Pd all\u2019interno ha delle sensibilit\u00e0 diverse\u201d, non pu\u00f2 sempre giustificare delle posizioni quasi sempre diametralmente opposte.<\/em><br \/>\n\u201c<em>Nemmeno un mese fa il sottoscritto, pur con i dubbi legittimi dettati da questa visione politica differente, insieme ad alcuni componenti dell\u2019associazione politico-culturale \u201cRADICI\u201d di cui mi onoro di far parte essendone il cofondatore, ha persino rinnovato la tessera di partito, proprio perch\u00e9 fino alla fine ho sperato che qualcosa potesse cambiare in termini di \u201capertura\u201d, ma attenzione, non apertura all\u2019Amministrazione De Luca, ma a una <strong>elasticit\u00e0 di posizioni <\/strong>che guardassero soprattutto a quanto di buono in citt\u00e0 si \u00e8 fatto e si vuole ancora fare, ai bisogni reali della gente (e non solo a quella di sinistra) e alla ferma volont\u00e0 di proseguire un percorso amministrativo che, come ho spiegato nel mio ultimo intervento in Aula sul \u201cCambio di passo\u201d, sta tentando quanto meno di invertire la rotta rispetto ad un passato disastroso. \u00c8 ovvio, non posso certamente negare che la mia posizione netta sulla piattaforma programmatica del sindaco De Luca (che ringrazio perch\u00e9 proprio oggi da lui \u00e8 stata modificata sulla base delle indicazioni date dall\u2019Aula) e che evidentemente si contrappone a quella dei restanti colleghi del gruppo, <strong>non pu\u00f2 passare inosservata<\/strong>, n\u00e9 tanto meno pu\u00f2 essere sempre considerata una delle solite posizioni di voto differente, perch\u00e9 qui oltre alla forma c\u2019\u00e8 anche parecchia sostanza!<\/em><br \/>\n\u201c<em>Io ringrazio davvero di cuore tutti i colleghi del gruppo, in particolare il capogruppo Gennaro e il collega Calabr\u00f2, sia il primo che in pi\u00f9 occasioni ha sempre tentato di farmi cambiare idea e di non mollare la presa, sia il secondo perch\u00e9 gli ho sempre riconosciuto, oltre che una grande lungimiranza politica, una visione pi\u00f9 moderata delle situazioni con approcci di gran lunga pi\u00f9 morbidi (simili ai miei, alla mia forma mentis); entrambi, infatti, mi avevano fatto quasi sperare che nel PD ci potesse essere spazio un po\u2019 anche della mia visione politica pi\u00f9 equilibrata, pi\u00f9 ragionata, pi\u00f9 costruttiva, pi\u00f9 incisiva, pi\u00f9 propositiva (e quindi anche alternativa) e non quella del <strong>\u201cNo a prescindere\u201d<\/strong>, che se anche dai colleghi e dalla direzione provinciale del partito non verr\u00e0 mai ammesso, purtroppo rappresenta l\u2019immagine che hanno di noi i concittadini\u00a0 che ci hanno eletto!<\/em><br \/>\n\u201c<em>Non ci sto pi\u00f9, quindi, a vivere questo scorcio di mandato che rimane (breve o lungo che sia) quasi a giustificarmi con i colleghi per un\u2019eventuale diversa posizione nella votazione degli atti o, peggio ancora, a giustificare sul territorio il mio voto differente dal gruppo, trasmettendo sempre alla gente il classico messaggio giustificatore o distorto che \u2018il PD \u00e8 sempre comunque per la citt\u00e0\u2019. Cavolo, se si \u00e8 per la citt\u00e0 bisogna dimostrarlo, non semplicemente annunciarlo! Gi\u00e0, per me essere per la citt\u00e0 \u00e8 sostenere gli atti, i programmi o le situazioni oggettivamente validi, e non perch\u00e9 proposte da un sindaco che noi non abbiamo votato! Per me essere per la citt\u00e0 \u00e8 portare avanti iniziative senza colore politico, e non perch\u00e9 dobbiamo sempre pensare che dietro ci sia del marcio o un doppio fine perch\u00e9 provengono da un sindaco esuberante e con una quasi morbosa ambizione personale! Per me, in questo momento storico, essere per la citt\u00e0 significa proseguire senza la scure dell\u2019interruzione amministrativa per: migliorare la gestione diretta dei servizi sociali, completare gli interventi di sbaraccamento e assegnare nuovi alloggi, uscire definitivamente dall\u2019incubo del dissesto finanziario, completare tutti i passaggi per l\u2019avvio della nuova Atm Spa, mettere a frutto la ricapitalizzazione dell\u2019Amam, completare le grandi opere pubbliche avviate, potenziare ancora di pi\u00f9 gli asili nido, completare tutte le fasi per la raccolta differenziata dei rifiuti, istituire la cartella unica dei tributi, individuare forme di aiuto per le categorie svantaggiate; insomma, <strong>proseguire senza sosta<\/strong> su un percorso che questo sindaco ha avviato e che non voglio assolutamente ritenermi responsabile di stoppare!<\/em><br \/>\n\u201c<em>Ecco perch\u00e9, caro sindaco De Luca (adesso mi rivolgo solo a lei a conclusione), desidero che guardi a questo mio sacrificio di essermi spogliato di questa casacca (perch\u00e9 per me si tratta davvero di un sacrificio), come ennesimo tentativo per convincerla a guardare di pi\u00f9 alla sostanza e al tenore degli interventi finora registratisi da parte di quasi tutti i colleghi che hanno dato massima disponibilit\u00e0 a collaborare, e a non tenere conto quindi dei freddi numeri che usciranno dalla votazione di questo documento (la nota \u00e8 stata diramata poco dopo la votazione di ieri, ndr), perch\u00e9 le sorti di una citt\u00e0 che sta ritrovando la speranza <strong>non possono essere bruscamente tramortite da una drastica ed irreversibile decisione<\/strong> che a questo punto dipende solo ed esclusivamente da lei e di cui lei si assumer\u00e0 la responsabilit\u00e0!<\/em><br \/>\n\u201c<em>Infine, mi preme evidenziare che il mio passaggio al gruppo Misto e la mia coerenza personale e politica, mi impongono di rimettere nelle mani dei componenti della 1^ Commissione il mio mandato di Presidente, seppur la mia elezione sia avvenuta in maniera trasversale; se i colleghi mi chiederanno di lasciare la presidenza non avr\u00f2 problemi a farlo, diversamente proseguir\u00f2 il mio impegno, come ho sempre fatto, fino a questo fantomatico 2 marzo o fino a quando siederemo su questi scranni a rappresentare una citt\u00e0, ormai stanca di questa surreale vicenda<\/em>\u201d.<div id=\"div-gpt-ad-Messinaoggi.it-DSK-300x250-corpoart\" style=\"text-align:center;margin:0 auto;\"><\/div><\/p>\n<div id=\"videoincontent\" style=\"clear:both\";><\/div>","protected":false},"excerpt":{"rendered":"<p>Il consigliere comunale Libero Gioveni ha annunciato il suo abbandono del Pd. Infatti, in una nota diramata ieri sera poco dopo la votazione del \u201cCambio di passo\u201d, Gioveni ha spiegato che passer\u00e0 al gruppo Misto. La decisione \u00e8 scaturita a seguito della constatazione da parte del consigliere comunale di trovarsi spesso e volentieri in disaccordo [&hellip;]<\/p>\n","protected":false},"author":8,"featured_media":28677,"comment_status":"closed","ping_status":"open","sticky":false,"template":"","format":"standard","meta":{"ub_ctt_via":"","_mi_skip_tracking":false},"categories":[4],"tags":[],"featured_image_src":"https:\/\/www.messinaoggi.it\/website\/wp-content\/uploads\/2019\/01\/Libero-Gioveni.jpg","author_info":{"display_name":"red..me","author_link":"https:\/\/www.messinaoggi.it\/website\/author\/redstage\/"},"digistream_id":0,"digistream":false,"_links":{"self":[{"href":"https:\/\/www.messinaoggi.it\/website\/wp-json\/wp\/v2\/posts\/39936"}],"collection":[{"href":"https:\/\/www.messinaoggi.it\/website\/wp-json\/wp\/v2\/posts"}],"about":[{"href":"https:\/\/www.messinaoggi.it\/website\/wp-json\/wp\/v2\/types\/post"}],"author":[{"embeddable":true,"href":"https:\/\/www.messinaoggi.it\/website\/wp-json\/wp\/v2\/users\/8"}],"replies":[{"embeddable":true,"href":"https:\/\/www.messinaoggi.it\/website\/wp-json\/wp\/v2\/comments?post=39936"}],"version-history":[{"count":0,"href":"https:\/\/www.messinaoggi.it\/website\/wp-json\/wp\/v2\/posts\/39936\/revisions"}],"wp:featuredmedia":[{"embeddable":true,"href":"https:\/\/www.messinaoggi.it\/website\/wp-json\/wp\/v2\/media\/28677"}],"wp:attachment":[{"href":"https:\/\/www.messinaoggi.it\/website\/wp-json\/wp\/v2\/media?parent=39936"}],"wp:term":[{"taxonomy":"category","embeddable":true,"href":"https:\/\/www.messinaoggi.it\/website\/wp-json\/wp\/v2\/categories?post=39936"},{"taxonomy":"post_tag","embeddable":true,"href":"https:\/\/www.messinaoggi.it\/website\/wp-json\/wp\/v2\/tags?post=39936"}],"curies":[{"name":"wp","href":"https:\/\/api.w.org\/{rel}","templated":true}]}}