{"id":39851,"date":"2020-01-23T09:35:39","date_gmt":"2020-01-23T08:35:39","guid":{"rendered":"https:\/\/www.messinaoggi.it\/website\/?p=39851"},"modified":"2020-01-23T09:35:39","modified_gmt":"2020-01-23T08:35:39","slug":"meteo-venerdi-attesa-forte-sciroccata","status":"publish","type":"post","link":"https:\/\/www.messinaoggi.it\/website\/2020\/01\/23\/meteo-venerdi-attesa-forte-sciroccata\/","title":{"rendered":"Meteo, venerd\u00ec attesa forte sciroccata"},"content":{"rendered":"<p>Alzi la mano chi ha rintracciato leone inverno. Inutile farsi illusioni, dopo un mese di Gennaio marcatamente zonale che pu\u00f3 benissimo stracciare tutti i record di siccit\u00e1 degli ultimi 50 anni.<br \/>\nNon va assolutamente dimenticato che siamo reduci da un 2019 deficitario in ottica pluviometrica e lo stato di seccume di tutti gli invasi desta grande preoccupazione. Purtroppo, il vortice polare estremamente sigillato ci negher\u00e1 la gioia di rivedere la dama bianca a quote collinari anche nei prossimi 7-10 giorni. Andiamo ad analizzare questa aberrante sinottica, che di invernale non riserva alcunch\u00e9.<br \/>\nGfs evidenzia come un vasto cratere depressionario si apposter\u00e1 per svariati giorni sull&#8217;asse iberico\/marocchino, mentre l&#8217;anticiclone delle Azzorre monter\u00e1 con slancio sul Regno Unito. La Sicilia orientale sar\u00e1 interessata da un campo barico relativamente altopressorio, che presenter\u00e1 una buona fornitura di gpt (575 dam).<br \/>\nLa bassa pressione occidentalizzata funger\u00e0 da leva per l&#8217;afflusso di umide correnti sciroccali che interesseranno essenzialmente il Canale di Sicilia. La Sicilia orientale ricever\u00e1 invece la componente di grecale attiva sullo Ionio Calabrese, che piegher\u00e1 a levante sul versante ionico messinese e a ostro sul versante meridionale strettese. Trattasi quindi di un grecale fresco primordiale e puro. Il notevole carico di umidit\u00e0 prelevare durante il tragitto marittimo dalla ritornante NE addosser\u00e1 una massiccia nuvolosit\u00e1 cumuliforme di natura orografica, che per buona parte della giornata fomenter\u00e1 lo Stau. Nubi basse di origine marittima potrebbero assembrarsi lungo la costa ionica, da Roccalumera in gi\u00f9, arrecando al pi\u00f9 isolati rovesci di pioggia a carattere intermittente. Citt\u00e0 dello Stretto posta in ombra pluviometrica dalla direttrice nordorientale delle correnti al suolo. Mercoledi la nuvolosit\u00e1 irregolare si alterner\u00e1 a qualche timido accenno soleggiato, con la cumulogenesi interna molto meno densa che gradualmente arrester\u00e1 lo Stau dal tardo pomeriggio.<br \/>\nI venti spireranno moderatamente in citt\u00e0 e sul versante tirrenico, con totale bonaccia fra Ganzirri e Torre Faro. Sostenute raffiche di levante ( in origine grecale) si incanaleranno sull&#8217;imboccatura meridionale strettese, toccando localmente i 60 km\/h a met\u00e1 giornata. Nessun gradiente orizzontale pro-mareggiata ionica, con isobare molto distanziate in mare aperto.<br \/>\nLa temperatura permarr\u00e1 lievemente sopra le medie stagionali, oscillando dai 9\u00b0 di minima ai 14\u00b0di massima, con locali lievitazioni over 15\u00b0 soltanto sul versante tirrenico.<br \/>\nLo Ionio e lo Stretto si presenteranno moderatamente mossi, con modeste increspature sulla propaggine settentrionale strettese, molto pi\u00f9 practicable. Tirreno olio e perfettamente balneabile, con temperatura superficiale scesa sotto i 16\u00b0. Il tasso dell&#8217;Ur far\u00e1 segnare valori mediantemente elevati, compresi fra il 50 e il 90%.<br \/>\nLe tendenze del tempo a medio termine prefigurano che l&#8217;ecosistema depressionario iberico shifter\u00e1 sul Portogallo, agevolando l&#8217;ascesa del ramo ascendente di risposta, che dovrebbe interessarci mediante l&#8217;inevitabile reazione del Principe dello Stretto, che venerdi imperverserebbe con una certa irruenza. Nemmeno a lungo termine si scorgono segnali di clamorosi ribaltoni, con un violentissimo ciclone scandinavo che manterr\u00e1 l&#8217;hp mediterranea aggrappata alla Sicilia. Inverno mai iniziata. Voto 0! Un grazie di cuore e arrivederci.<div id=\"div-gpt-ad-Messinaoggi.it-DSK-300x250-corpoart\" style=\"text-align:center;margin:0 auto;\"><\/div><\/p>\n<p style=\"text-align: right;\"><strong>Alessio Campobello<\/strong><div id=\"videoincontent\" style=\"clear:both\";><\/div><\/p>\n","protected":false},"excerpt":{"rendered":"<p>Alzi la mano chi ha rintracciato leone inverno. Inutile farsi illusioni, dopo un mese di Gennaio marcatamente zonale che pu\u00f3 benissimo stracciare tutti i record di siccit\u00e1 degli ultimi 50 anni. Non va assolutamente dimenticato che siamo reduci da un 2019 deficitario in ottica pluviometrica e lo stato di seccume di tutti gli invasi desta [&hellip;]<\/p>\n","protected":false},"author":2,"featured_media":39852,"comment_status":"closed","ping_status":"open","sticky":false,"template":"","format":"standard","meta":{"ub_ctt_via":"","_mi_skip_tracking":false},"categories":[6],"tags":[],"featured_image_src":"https:\/\/www.messinaoggi.it\/website\/wp-content\/uploads\/2020\/01\/gfs-0-30-4.png","author_info":{"display_name":"Redazione","author_link":"https:\/\/www.messinaoggi.it\/website\/author\/redazione\/"},"digistream_id":0,"digistream":false,"_links":{"self":[{"href":"https:\/\/www.messinaoggi.it\/website\/wp-json\/wp\/v2\/posts\/39851"}],"collection":[{"href":"https:\/\/www.messinaoggi.it\/website\/wp-json\/wp\/v2\/posts"}],"about":[{"href":"https:\/\/www.messinaoggi.it\/website\/wp-json\/wp\/v2\/types\/post"}],"author":[{"embeddable":true,"href":"https:\/\/www.messinaoggi.it\/website\/wp-json\/wp\/v2\/users\/2"}],"replies":[{"embeddable":true,"href":"https:\/\/www.messinaoggi.it\/website\/wp-json\/wp\/v2\/comments?post=39851"}],"version-history":[{"count":0,"href":"https:\/\/www.messinaoggi.it\/website\/wp-json\/wp\/v2\/posts\/39851\/revisions"}],"wp:featuredmedia":[{"embeddable":true,"href":"https:\/\/www.messinaoggi.it\/website\/wp-json\/wp\/v2\/media\/39852"}],"wp:attachment":[{"href":"https:\/\/www.messinaoggi.it\/website\/wp-json\/wp\/v2\/media?parent=39851"}],"wp:term":[{"taxonomy":"category","embeddable":true,"href":"https:\/\/www.messinaoggi.it\/website\/wp-json\/wp\/v2\/categories?post=39851"},{"taxonomy":"post_tag","embeddable":true,"href":"https:\/\/www.messinaoggi.it\/website\/wp-json\/wp\/v2\/tags?post=39851"}],"curies":[{"name":"wp","href":"https:\/\/api.w.org\/{rel}","templated":true}]}}