{"id":39800,"date":"2020-01-20T11:27:33","date_gmt":"2020-01-20T10:27:33","guid":{"rendered":"https:\/\/www.messinaoggi.it\/website\/?p=39800"},"modified":"2020-01-20T11:27:33","modified_gmt":"2020-01-20T10:27:33","slug":"oggi-il-consiglio-comunale-votera-il-cambio-di-passo-di-de-luca","status":"publish","type":"post","link":"https:\/\/www.messinaoggi.it\/website\/2020\/01\/20\/oggi-il-consiglio-comunale-votera-il-cambio-di-passo-di-de-luca\/","title":{"rendered":"Oggi il Consiglio Comunale voter\u00e0 il &quot;Cambio di passo&quot; di De Luca"},"content":{"rendered":"<p style=\"text-align: justify\">Seduta importante quella di oggi in Consiglio Comunale. Pomeriggio infatti il civico consesso si riunir\u00e0 per discutere del \u201cCambio di passo\u201d del sindaco Cateno De Luca, la piattaforma politico-programmatica che sostanzialmente rappresenta la naturale continuazione del \u201cSalva Messina\u201d approvato nel novembre del 2018. Infatti, mentre il \u201cSalva Messina\u201d consiste in un piano di riequilibrio della durata di vent\u2019anni volto a scongiurare il dissesto finanziario di Messina, il \u201cCambio di passo\u201d conster\u00e0 di una serie di delibere aventi il fine di \u201c<i>portare avanti le strategie di rilancio economico-sociale della nostra citt\u00e0<\/i>\u201d, cos\u00ec come si legge tra le righe di una lettera aperta di De Luca ai consiglieri comunali alla vigilia del voto.<div id=\"div-gpt-ad-Messinaoggi.it-DSK-300x250-corpoart\" style=\"text-align:center;margin:0 auto;\"><\/div><\/p>\n<p style=\"text-align: justify\">Quale sar\u00e0 l\u2019esito di questa seduta \u00e8 tutto da vedere, ma il primo cittadino sembra avere le idee chiare su cosa fare al termine della stessa: De Luca lascia infatti intendere che la sua esperienza da sindaco di Messina proseguir\u00e0 soltanto se il suo \u201cCambio di passo\u201d sar\u00e0 approvato dal civico consesso; se altrimenti si torner\u00e0 alle urne alla prima data utile.<div id=\"videoincontent\" style=\"clear:both\";><\/div><\/p>\n<p style=\"text-align: justify\">Il \u201cCambio di passo\u201d \u00e8 stato presentato ai consiglieri comunali lo scorso 4 gennaio, e da allora il dibattito politico locale si \u00e8 incentrato perlopi\u00f9 su tale proposta programmatica, e in particolare sulla creazione di un intergruppo consiliare. Infatti, originariamente il \u201cCambio di passo\u201d di De Luca prevedeva la creazione di un intergruppo in Consiglio Comunale, vale a dire un gruppo formato da forze politiche trasversali che supportasse la giunta comunale nella realizzazione di determinate proposte. Un punto della proposta che ha suscitato numerose polemiche nei giorni a seguire, in quanto visto dalla stragrande maggioranza dei consiglieri comunali come un tentativo da parte della giunta De Luca di vincolare il voto della maggioranza degli stessi, al di l\u00e0 della loro casacca politica. Per questo motivo, lo scorso 9 gennaio la realizzazione dell\u2019intergruppo consiliare \u00e8 stata depennata dal primo cittadino, che adesso per\u00f2 chiede ai consiglieri comunali di appoggiare il resto della piattaforma programmatica, consistente in sintesi nel realizzare una preliminare modifica del regolamento consiliare con l\u2019integrazione di alcune delibere suggerite dalla giunta comunale.<\/p>\n<p style=\"text-align: justify\">\u201c<i>Se ritenete che il lavoro che giunta e consiglio comunale hanno svolto in questi diciotto mesi, al netto delle nostre sfumature caratteriali e cadute di stile, meriti di essere portato avanti perch\u00e9 \u00e8 utile alla citt\u00e0 ed alle future generazioni, allora esprimete il vostro convinto assenso al &#8216;Cambio di Passo&#8217; ed al centinaio di delibere attuative che saranno presentate alla vostra valutazione nel corso del 2020. In assenza di queste condizioni, risparmiate a me ed alla citt\u00e0 altre sceneggiate del \u2018vorrei ma non posso\u2019 e sottoponiamoci all\u2019inappellabile giudizio dei messinesi, senza se e senza ma<\/i>\u201d, si legge al termine della lettera aperta.<\/p>\n","protected":false},"excerpt":{"rendered":"<p>Seduta importante quella di oggi in Consiglio Comunale. Pomeriggio infatti il civico consesso si riunir\u00e0 per discutere del \u201cCambio di passo\u201d del sindaco Cateno De Luca, la piattaforma politico-programmatica che sostanzialmente rappresenta la naturale continuazione del \u201cSalva Messina\u201d approvato nel novembre del 2018. Infatti, mentre il \u201cSalva Messina\u201d consiste in un piano di riequilibrio della [&hellip;]<\/p>\n","protected":false},"author":10,"featured_media":590,"comment_status":"closed","ping_status":"open","sticky":false,"template":"","format":"standard","meta":{"ub_ctt_via":"","_mi_skip_tracking":false},"categories":[6],"tags":[],"featured_image_src":"https:\/\/www.messinaoggi.it\/website\/wp-content\/uploads\/2017\/05\/Consiglio-comunale-Messina-1-2.jpg","author_info":{"display_name":"Paolo Mustica","author_link":"https:\/\/www.messinaoggi.it\/website\/author\/p-mustica\/"},"digistream_id":0,"digistream":false,"_links":{"self":[{"href":"https:\/\/www.messinaoggi.it\/website\/wp-json\/wp\/v2\/posts\/39800"}],"collection":[{"href":"https:\/\/www.messinaoggi.it\/website\/wp-json\/wp\/v2\/posts"}],"about":[{"href":"https:\/\/www.messinaoggi.it\/website\/wp-json\/wp\/v2\/types\/post"}],"author":[{"embeddable":true,"href":"https:\/\/www.messinaoggi.it\/website\/wp-json\/wp\/v2\/users\/10"}],"replies":[{"embeddable":true,"href":"https:\/\/www.messinaoggi.it\/website\/wp-json\/wp\/v2\/comments?post=39800"}],"version-history":[{"count":0,"href":"https:\/\/www.messinaoggi.it\/website\/wp-json\/wp\/v2\/posts\/39800\/revisions"}],"wp:featuredmedia":[{"embeddable":true,"href":"https:\/\/www.messinaoggi.it\/website\/wp-json\/wp\/v2\/media\/590"}],"wp:attachment":[{"href":"https:\/\/www.messinaoggi.it\/website\/wp-json\/wp\/v2\/media?parent=39800"}],"wp:term":[{"taxonomy":"category","embeddable":true,"href":"https:\/\/www.messinaoggi.it\/website\/wp-json\/wp\/v2\/categories?post=39800"},{"taxonomy":"post_tag","embeddable":true,"href":"https:\/\/www.messinaoggi.it\/website\/wp-json\/wp\/v2\/tags?post=39800"}],"curies":[{"name":"wp","href":"https:\/\/api.w.org\/{rel}","templated":true}]}}