{"id":3980,"date":"2017-07-03T16:54:30","date_gmt":"2017-07-03T14:54:30","guid":{"rendered":"http:\/\/www.messinaoggi.it\/website\/?p=3980"},"modified":"2017-07-03T16:54:30","modified_gmt":"2017-07-03T14:54:30","slug":"rete-ospedaliera-al-papardo-si-rimodula-medici-del-contraltare-chiamano-adunata","status":"publish","type":"post","link":"https:\/\/www.messinaoggi.it\/website\/2017\/07\/03\/rete-ospedaliera-al-papardo-si-rimodula-medici-del-contraltare-chiamano-adunata\/","title":{"rendered":"Rete ospedaliera, al Papardo si rimodula? Medici del contraltare chiamano adunata"},"content":{"rendered":"<p style=\"text-align: justify\">Ci hanno svelato di conoscere la verit\u00e0 sulle sorti dell\u2019Azienda ospedaliera Papardo, dovute ad una mancanza d\u2019impegno sostanziale della politica locale e pi\u00f9 che altro regionale ma in alcuni casi anche dei sindacati. Loro sono i professori F. Cascio, V. Adamo, F. Salpietro, i dottori L. Mondello, F. Mastroeni, Dott. G. Mastroeni e Michele Lo Reche che hanno convocato per domani, marted\u00ec 4 luglio alle ore 12,30 nell\u2019Auditorium aziendale, l\u2019assemblea generale dei dipendenti del nosocomio. All\u2019ordine del giorno, non poteva mancare l\u2019aggiornamento sulla rimodulazione della Rete Ospedaliera.<div id=\"div-gpt-ad-Messinaoggi.it-DSK-300x250-corpoart\" style=\"text-align:center;margin:0 auto;\"><\/div><\/p>\n<p style=\"text-align: justify\">Chiss\u00e0 quali saranno le novit\u00e0? Perch\u00e9 dalla Regione Siciliana non si muove una foglia, dopo le promesse enunciate dall\u2019assessore della Giunta Crocetta, Baldo Gucciardi, in sede di Commissione Sanit\u00e0 dell\u2019Ars.<div id=\"videoincontent\" style=\"clear:both\";><\/div><\/p>\n","protected":false},"excerpt":{"rendered":"<p>Ci hanno svelato di conoscere la verit\u00e0 sulle sorti dell\u2019Azienda ospedaliera Papardo, dovute ad una mancanza d\u2019impegno sostanziale della politica locale e pi\u00f9 che altro regionale ma in alcuni casi anche dei sindacati. Loro sono i professori F. Cascio, V. Adamo, F. Salpietro, i dottori L. Mondello, F. Mastroeni, Dott. G. Mastroeni e Michele Lo [&hellip;]<\/p>\n","protected":false},"author":7,"featured_media":3981,"comment_status":"closed","ping_status":"open","sticky":false,"template":"","format":"standard","meta":{"ub_ctt_via":"","_mi_skip_tracking":false},"categories":[5],"tags":[],"featured_image_src":"https:\/\/www.messinaoggi.it\/website\/wp-content\/uploads\/2017\/07\/papardo-ingresso-messinaoggi-2.jpg","author_info":{"display_name":"Redazione1","author_link":"https:\/\/www.messinaoggi.it\/website\/author\/redazione1\/"},"digistream_id":0,"digistream":false,"_links":{"self":[{"href":"https:\/\/www.messinaoggi.it\/website\/wp-json\/wp\/v2\/posts\/3980"}],"collection":[{"href":"https:\/\/www.messinaoggi.it\/website\/wp-json\/wp\/v2\/posts"}],"about":[{"href":"https:\/\/www.messinaoggi.it\/website\/wp-json\/wp\/v2\/types\/post"}],"author":[{"embeddable":true,"href":"https:\/\/www.messinaoggi.it\/website\/wp-json\/wp\/v2\/users\/7"}],"replies":[{"embeddable":true,"href":"https:\/\/www.messinaoggi.it\/website\/wp-json\/wp\/v2\/comments?post=3980"}],"version-history":[{"count":0,"href":"https:\/\/www.messinaoggi.it\/website\/wp-json\/wp\/v2\/posts\/3980\/revisions"}],"wp:featuredmedia":[{"embeddable":true,"href":"https:\/\/www.messinaoggi.it\/website\/wp-json\/wp\/v2\/media\/3981"}],"wp:attachment":[{"href":"https:\/\/www.messinaoggi.it\/website\/wp-json\/wp\/v2\/media?parent=3980"}],"wp:term":[{"taxonomy":"category","embeddable":true,"href":"https:\/\/www.messinaoggi.it\/website\/wp-json\/wp\/v2\/categories?post=3980"},{"taxonomy":"post_tag","embeddable":true,"href":"https:\/\/www.messinaoggi.it\/website\/wp-json\/wp\/v2\/tags?post=3980"}],"curies":[{"name":"wp","href":"https:\/\/api.w.org\/{rel}","templated":true}]}}