{"id":39731,"date":"2020-01-16T22:41:17","date_gmt":"2020-01-16T21:41:17","guid":{"rendered":"https:\/\/www.messinaoggi.it\/website\/?p=39731"},"modified":"2020-01-16T22:41:17","modified_gmt":"2020-01-16T21:41:17","slug":"valdinisi-miano-suona-la-carica-possiamo-farcela","status":"publish","type":"post","link":"https:\/\/www.messinaoggi.it\/website\/2020\/01\/16\/valdinisi-miano-suona-la-carica-possiamo-farcela\/","title":{"rendered":"Valdinisi, Miano suona la carica: &quot;Possiamo farcela&quot;"},"content":{"rendered":"<p style=\"text-align: justify\"><em>&#8220;La squadra non \u00e8 male, anche se diversi ragazzi lavorano e saltano spesso gli allenamenti. Se riusciremo a costruire uno &#8220;zoccolo duro&#8221; di almeno\u00a014 elementi,\u00a0lavorando almeno quattro\u00a0volte a settimana, pi\u00f9 un&#8217;eventuale seduta di rifinitura, penso si possa riuscire a mantenere la categoria<\/em>&#8220;. A <strong>Nello Miano<\/strong> sono bastati appena due giorni\u00a0di lavoro, sostenuti nelle serate di ieri e oggi al &#8220;Comunale&#8221; di Nizza di Sicilia, per farsi un&#8217;idea abbastanza chiara della\u00a0prima squadra\u00a0della <strong>Valdinisi Calcio <\/strong>a lui affidata dalla dirigenza presieduta da Ciccio Basile.<div id=\"div-gpt-ad-Messinaoggi.it-DSK-300x250-corpoart\" style=\"text-align:center;margin:0 auto;\"><\/div><\/p>\n<div style=\"text-align: justify\" data-blogger-escaped-style=\"text-align: justify;\">\nDopo una partitella in famiglia\u00a0nel primo allenamento, giusto per inquadrare il valore complessivo\u00a0dell&#8217;organico, stasera il tecnico di Roccalumera ha alzato i ritmi\u00a0dando un primo assaggio delle proprie metodologie. &#8220;<em>Occorrer\u00e0 al pi\u00f9 presto acquisire una certa intensit\u00e0 di applicazione<\/em> <em>in ciascuna seduta di lavoro, in vista degli impegni difficili che ci attendono&#8221;, <\/em>aggiunge il mister ricordando l&#8217;immediato battesimo\u00a0di fuoco\u00a0del prossimo week-end, sul campo della capolista Aci S.Antonio, per poi affrontare la Messana e lo Sporting Taormina.\n<\/div>\n<div style=\"text-align: justify\" data-blogger-escaped-style=\"text-align: justify;\">\nTuttavia Miano si dice ottimista: &#8220;<em>I ragazzi hanno risentito moralmente della mancanza di risultati, e in pi\u00f9 manca forse un po&#8217; di esperienza nella Promozione\u00a0fatta di tanti marpioni. Ma quest&#8217;ultimo non \u00e8 un grande problema, anche perch\u00e9 il livello generale mi pare si sia abbassato. Con l&#8217;attuale situazione di classifica\u00a0basterebbero 13 punti per mantenere la categoria, a meno che la\u00a0quota salvezza non si alzi\u00a0 strada facendo<\/em>.<em> Dobbiamo raggiungere l&#8217;obiettivo anche e soprattutto per ripagare la dirigenza dei tanti sacrifici che compie quotidianamente, non facendoci mancare nulla. Penso al supporto\u00a0costante che ci arriva soprattutto dai\u00a0\u00a0fratelli Ciccio (presidente) e Salvo Basile\u00a0(direttore generale), dal diesse Carmelo Briguglio che \u00e8 stato anche un mio giocatore, da Orlando Leo\u00a0 e\u00a0da Stefano Briguglio&#8221;.<\/em>\n<\/div>\n<div style=\"text-align: justify\" data-blogger-escaped-style=\"text-align: justify;\">\nNonostante\u00a0l&#8217;incarico assunto con la prima squadra, Miano non lascer\u00e0\u00a0l&#8217;attivit\u00e0\u00a0portata avanti da ormai due anni con il settore giovanile della Valdinisi Calcio. &#8220;<em>Anche se ci\u00f2 mi comporter\u00e0 almeno tre mesi di sacrifici, intendo mantenere anche l&#8217;impegno con i pi\u00f9 giovani\u00a0in segno di rispetto verso questi ultimi e\u00a0le\u00a0rispettive famiglie. Un lavoro fruttuoso da ormai un biennio, grazie al quale la scorsa stagione abbiamo centrato i play-off, per i quali\u00a0siamo in lizza anche quest&#8217;anno,\u00a0con la formazione provinciale under 15. Qui ci sono due\u00a0bellissime realt\u00e0 come Al\u00ec Terme e Nizza di Sicilia che, caso forse unico per due comuni differenti, riescono a collaborare efficacemente in un&#8217;unica\u00a0sodalizio calcistico&#8221;.\u00a0<\/em><br \/>\nA ci\u00f2 si aggiunga che nella stagione 2018-19 Nello Miano \u00e8 stato anche <strong>vicecampione regionale con la rappresentativa\u00a0under 17 della delegazione messinese Figc<\/strong>, con la finale regionale persa\u00a0di un soffio per mano dell&#8217;Agrigento.\n<\/div>\n<div id=\"videoincontent\" style=\"clear:both\";><\/div>","protected":false},"excerpt":{"rendered":"<p>&#8220;La squadra non \u00e8 male, anche se diversi ragazzi lavorano e saltano spesso gli allenamenti. Se riusciremo a costruire uno &#8220;zoccolo duro&#8221; di almeno\u00a014 elementi,\u00a0lavorando almeno quattro\u00a0volte a settimana, pi\u00f9 un&#8217;eventuale seduta di rifinitura, penso si possa riuscire a mantenere la categoria&#8220;. A Nello Miano sono bastati appena due giorni\u00a0di lavoro, sostenuti nelle serate di [&hellip;]<\/p>\n","protected":false},"author":11,"featured_media":39732,"comment_status":"closed","ping_status":"open","sticky":false,"template":"","format":"standard","meta":{"ub_ctt_via":"","_mi_skip_tracking":false},"categories":[10,15,9],"tags":[],"featured_image_src":"https:\/\/www.messinaoggi.it\/website\/wp-content\/uploads\/2020\/01\/Miano.jpg","author_info":{"display_name":"redsport","author_link":"https:\/\/www.messinaoggi.it\/website\/author\/redsport\/"},"digistream_id":0,"digistream":false,"_links":{"self":[{"href":"https:\/\/www.messinaoggi.it\/website\/wp-json\/wp\/v2\/posts\/39731"}],"collection":[{"href":"https:\/\/www.messinaoggi.it\/website\/wp-json\/wp\/v2\/posts"}],"about":[{"href":"https:\/\/www.messinaoggi.it\/website\/wp-json\/wp\/v2\/types\/post"}],"author":[{"embeddable":true,"href":"https:\/\/www.messinaoggi.it\/website\/wp-json\/wp\/v2\/users\/11"}],"replies":[{"embeddable":true,"href":"https:\/\/www.messinaoggi.it\/website\/wp-json\/wp\/v2\/comments?post=39731"}],"version-history":[{"count":0,"href":"https:\/\/www.messinaoggi.it\/website\/wp-json\/wp\/v2\/posts\/39731\/revisions"}],"wp:featuredmedia":[{"embeddable":true,"href":"https:\/\/www.messinaoggi.it\/website\/wp-json\/wp\/v2\/media\/39732"}],"wp:attachment":[{"href":"https:\/\/www.messinaoggi.it\/website\/wp-json\/wp\/v2\/media?parent=39731"}],"wp:term":[{"taxonomy":"category","embeddable":true,"href":"https:\/\/www.messinaoggi.it\/website\/wp-json\/wp\/v2\/categories?post=39731"},{"taxonomy":"post_tag","embeddable":true,"href":"https:\/\/www.messinaoggi.it\/website\/wp-json\/wp\/v2\/tags?post=39731"}],"curies":[{"name":"wp","href":"https:\/\/api.w.org\/{rel}","templated":true}]}}