{"id":39605,"date":"2020-01-10T13:41:30","date_gmt":"2020-01-10T12:41:30","guid":{"rendered":"https:\/\/www.messinaoggi.it\/website\/?p=39605"},"modified":"2020-01-10T13:41:30","modified_gmt":"2020-01-10T12:41:30","slug":"sequestro-navi-ct-gli-armatori-fiducia-nella-magistratura-il-servizio-di-trasporto-prosegue-regolarmente","status":"publish","type":"post","link":"https:\/\/www.messinaoggi.it\/website\/2020\/01\/10\/sequestro-navi-ct-gli-armatori-fiducia-nella-magistratura-il-servizio-di-trasporto-prosegue-regolarmente\/","title":{"rendered":"Sequestro navi C&amp;T, gli armatori: &quot;Fiducia nella magistratura, il servizio di trasporto prosegue regolarmente&quot;"},"content":{"rendered":"<p>In riferimento all&#8217;inchiesta della magistratura che ha portato al sequestro preventivo di tre navi, non s&#8217;\u00e8 fatta attendere la replica della Caronte&amp;Tourist Isole Minori.<br \/>\n&#8220;Con riferimento alle allarmistiche notizie di blocco della Sicilia a seguito del sequestro di navi di una delle societ\u00e0 del Gruppo, Caronte &amp; Tourist precisa che il traghettamento da e verso la Sicilia e le sue isole minori continua a essere regolarmente effettuato.<br \/>\nIl provvedimento dell\u2019autorit\u00e0 giudiziaria, relativo a questioni interpretative delle attuali normative in materia di trasporto di persone a mobilit\u00e0 ridotta, non inficia la continuit\u00e0 della continuit\u00e0 nell\u2019esercizio dei collegamenti marittimi in parola che quindi procedono nei termini ordinariamente previsti.<br \/>\nIl Gruppo Caronte &amp; Tourist ribadisce dunque la propria fiducia nell\u2019operato della magistratura e la certezza di poter dimostrare l\u2019assoluta limpidezza dei comportamenti aziendali e dei manager destinatari di informazione di garanzia&#8221;.<div id=\"div-gpt-ad-Messinaoggi.it-DSK-300x250-corpoart\" style=\"text-align:center;margin:0 auto;\"><\/div><\/p>\n<div id=\"videoincontent\" style=\"clear:both\";><\/div>","protected":false},"excerpt":{"rendered":"<p>In riferimento all&#8217;inchiesta della magistratura che ha portato al sequestro preventivo di tre navi, non s&#8217;\u00e8 fatta attendere la replica della Caronte&amp;Tourist Isole Minori. &#8220;Con riferimento alle allarmistiche notizie di blocco della Sicilia a seguito del sequestro di navi di una delle societ\u00e0 del Gruppo, Caronte &amp; Tourist precisa che il traghettamento da e verso [&hellip;]<\/p>\n","protected":false},"author":2,"featured_media":26866,"comment_status":"closed","ping_status":"open","sticky":false,"template":"","format":"standard","meta":{"ub_ctt_via":"","_mi_skip_tracking":false},"categories":[6],"tags":[],"featured_image_src":"https:\/\/www.messinaoggi.it\/website\/wp-content\/uploads\/2018\/11\/elio-matacena-caronte-tourist.jpg","author_info":{"display_name":"Redazione","author_link":"https:\/\/www.messinaoggi.it\/website\/author\/redazione\/"},"digistream_id":0,"digistream":false,"_links":{"self":[{"href":"https:\/\/www.messinaoggi.it\/website\/wp-json\/wp\/v2\/posts\/39605"}],"collection":[{"href":"https:\/\/www.messinaoggi.it\/website\/wp-json\/wp\/v2\/posts"}],"about":[{"href":"https:\/\/www.messinaoggi.it\/website\/wp-json\/wp\/v2\/types\/post"}],"author":[{"embeddable":true,"href":"https:\/\/www.messinaoggi.it\/website\/wp-json\/wp\/v2\/users\/2"}],"replies":[{"embeddable":true,"href":"https:\/\/www.messinaoggi.it\/website\/wp-json\/wp\/v2\/comments?post=39605"}],"version-history":[{"count":0,"href":"https:\/\/www.messinaoggi.it\/website\/wp-json\/wp\/v2\/posts\/39605\/revisions"}],"wp:featuredmedia":[{"embeddable":true,"href":"https:\/\/www.messinaoggi.it\/website\/wp-json\/wp\/v2\/media\/26866"}],"wp:attachment":[{"href":"https:\/\/www.messinaoggi.it\/website\/wp-json\/wp\/v2\/media?parent=39605"}],"wp:term":[{"taxonomy":"category","embeddable":true,"href":"https:\/\/www.messinaoggi.it\/website\/wp-json\/wp\/v2\/categories?post=39605"},{"taxonomy":"post_tag","embeddable":true,"href":"https:\/\/www.messinaoggi.it\/website\/wp-json\/wp\/v2\/tags?post=39605"}],"curies":[{"name":"wp","href":"https:\/\/api.w.org\/{rel}","templated":true}]}}