{"id":39584,"date":"2020-01-09T16:47:32","date_gmt":"2020-01-09T15:47:32","guid":{"rendered":"https:\/\/www.messinaoggi.it\/website\/?p=39584"},"modified":"2020-01-09T16:47:32","modified_gmt":"2020-01-09T15:47:32","slug":"furci-siculo-listituto-pugliatti-al-freddo-da-giorni-lunedi-sopralluogo-di-de-luca","status":"publish","type":"post","link":"https:\/\/www.messinaoggi.it\/website\/2020\/01\/09\/furci-siculo-listituto-pugliatti-al-freddo-da-giorni-lunedi-sopralluogo-di-de-luca\/","title":{"rendered":"Furci Siculo, l&#039;istituto &quot;Pugliatti&quot; al freddo da giorni. Luned\u00ec sopralluogo di De Luca"},"content":{"rendered":"<p>\u201c<span style=\"font-family: Arial, sans-serif\"><i>Voglio accertarmi delle responsabilit\u00e0, delle omissioni e dei ritardi nella soluzione dei problemi riscontrati<\/i><\/span><span style=\"font-family: Arial, sans-serif\">\u201d. Queste le parole del sindaco metropolitano Cateno De Luca con riferimento al recente guasto dell&#8217;impianto di riscaldamento della scuola \u201cPugliatti\u201d di Furci Siculo, guasto di cui \u00e8 venuto a conoscenza indirettamente soltanto nel giornata di ieri. Nei giorni scorsi, infatti, l\u2019istituto aveva tentano autonomamente di riavviare la caldaia attraverso l\u2019utilizzo di proprie risorse umane e, successivamente, anche mediante la richiesta a una ditta, che per\u00f2 non aveva dato la propria disponibilit\u00e0. Stamani un&#8217;ulteriore ditta contattata dalla scuola ha assicurato che realizzer\u00e0 quanto prima un apposito sopralluogo, e dopo tale sopralluogo i tecnici della citt\u00e0 metropolitana di Messina avvieranno le azioni necessarie per la messa in funzione dell\u2019impianto di riscaldamento.<\/span><br \/>\n<span style=\"font-family: Arial, sans-serif\">Luned\u00ec prossimo il sindaco metropolitano sar\u00e0 a Furci Siculo per incontrare il dirigente scolastico Luigi Napoli e gli studenti: \u201c<\/span><span style=\"font-family: Arial, sans-serif\"><i>Su questi fatti pretendo che ognuno, per le rispettive competenze, esibisca gli atti e le comunicazioni perch\u00e9 non accetto di essere accusato di omissioni, considerato che ho sempre posto particolare attenzione alle esigenze degli istituti scolastici<\/i><\/span><span style=\"font-family: Arial, sans-serif\">\u201d, ha dichiarato al riguardo De Luca.<\/span><div id=\"div-gpt-ad-Messinaoggi.it-DSK-300x250-corpoart\" style=\"text-align:center;margin:0 auto;\"><\/div><\/p>\n<div id=\"videoincontent\" style=\"clear:both\";><\/div>","protected":false},"excerpt":{"rendered":"<p>\u201cVoglio accertarmi delle responsabilit\u00e0, delle omissioni e dei ritardi nella soluzione dei problemi riscontrati\u201d. Queste le parole del sindaco metropolitano Cateno De Luca con riferimento al recente guasto dell&#8217;impianto di riscaldamento della scuola \u201cPugliatti\u201d di Furci Siculo, guasto di cui \u00e8 venuto a conoscenza indirettamente soltanto nel giornata di ieri. Nei giorni scorsi, infatti, l\u2019istituto [&hellip;]<\/p>\n","protected":false},"author":8,"featured_media":39586,"comment_status":"closed","ping_status":"open","sticky":false,"template":"","format":"standard","meta":{"ub_ctt_via":"","_mi_skip_tracking":false},"categories":[13,15],"tags":[],"featured_image_src":"https:\/\/www.messinaoggi.it\/website\/wp-content\/uploads\/2020\/01\/scuola-Pugliatti-Furci-Siculo.jpg","author_info":{"display_name":"red..me","author_link":"https:\/\/www.messinaoggi.it\/website\/author\/redstage\/"},"digistream_id":0,"digistream":false,"_links":{"self":[{"href":"https:\/\/www.messinaoggi.it\/website\/wp-json\/wp\/v2\/posts\/39584"}],"collection":[{"href":"https:\/\/www.messinaoggi.it\/website\/wp-json\/wp\/v2\/posts"}],"about":[{"href":"https:\/\/www.messinaoggi.it\/website\/wp-json\/wp\/v2\/types\/post"}],"author":[{"embeddable":true,"href":"https:\/\/www.messinaoggi.it\/website\/wp-json\/wp\/v2\/users\/8"}],"replies":[{"embeddable":true,"href":"https:\/\/www.messinaoggi.it\/website\/wp-json\/wp\/v2\/comments?post=39584"}],"version-history":[{"count":0,"href":"https:\/\/www.messinaoggi.it\/website\/wp-json\/wp\/v2\/posts\/39584\/revisions"}],"wp:featuredmedia":[{"embeddable":true,"href":"https:\/\/www.messinaoggi.it\/website\/wp-json\/wp\/v2\/media\/39586"}],"wp:attachment":[{"href":"https:\/\/www.messinaoggi.it\/website\/wp-json\/wp\/v2\/media?parent=39584"}],"wp:term":[{"taxonomy":"category","embeddable":true,"href":"https:\/\/www.messinaoggi.it\/website\/wp-json\/wp\/v2\/categories?post=39584"},{"taxonomy":"post_tag","embeddable":true,"href":"https:\/\/www.messinaoggi.it\/website\/wp-json\/wp\/v2\/tags?post=39584"}],"curies":[{"name":"wp","href":"https:\/\/api.w.org\/{rel}","templated":true}]}}