{"id":39572,"date":"2020-01-09T10:31:47","date_gmt":"2020-01-09T09:31:47","guid":{"rendered":"https:\/\/www.messinaoggi.it\/website\/?p=39572"},"modified":"2020-01-09T10:31:47","modified_gmt":"2020-01-09T09:31:47","slug":"feneal-uil-basta-annunci-nel-2020-serve-un-cambio-di-passo","status":"publish","type":"post","link":"https:\/\/www.messinaoggi.it\/website\/2020\/01\/09\/feneal-uil-basta-annunci-nel-2020-serve-un-cambio-di-passo\/","title":{"rendered":"Feneal\/Uil: &quot;Basta annunci, nel 2020 serve un cambio di passo&quot;"},"content":{"rendered":"<p>Il 2019 \u00e8 stato l\u2019anno degli annunci, anche quest\u2019anno si \u00e8 caratterizzato come i precedenti, per essere quello degli annunci, vuoti e sterili, in tema di sviluppo infrastrutturale del nostro territorio, sviluppo socio\/economico che pu\u00f2 caratterizzarsi realmente attraverso la ripartenza del comparto edile, cosi dichiara in una nota Pasquale De Vardo, segretario generale della Feneal\/Uil Messina-Palermo.<br \/>\nDa dieci anni a questa parte, nostro malgrado siamo costretti a registrare i freddi ed impietosi numeri in termini di perdita occupazionale del comparto delle costruzioni, oltre 11.000 posti di lavoro persi in edilizia, parallelamente assistiamo alle dichiarazioni che la vecchia e attuale classe politica dell\u2019ultimo decennio ripetono come un disco incantato, ogni anno con grande enfasi e ultimamente in maniera quasi trionfale, ci elencano sempre gli stessi progetti infrastrutturali e non, antichi progetti, vetusti e sicuramente da rivedere con costose ed infinite varianti, annunciandone ogni volta la pronta partenza e l\u2019avvio lavori, ma nessuno di questi annunci si \u00e8 mai tramutato in lavoro ne tantomeno in opera compiuta, basti pensare agli approdi Tremestieri, alla chiusura del torrente Catarratti-Bisconte, ai depuratori, al Risanamento, alla Via Don Blasco l\u2019unica opera partita e subito arrenatasi, tutti esempi tangibili e lampanti di come la classe dirigente e politica attuale non riesca a dare il giusto impuls\u00f2 allo sviluppo infrastrutturale della nostra Citt\u00e0, mentre il resto d\u2019Italia costruisce realizza e progetta correndo verso uno traguardo di sviluppo economico e sociale, noi siamo ancora fermi a capire qual \u00e8 la strada da seguire.<br \/>\nIl 2020 pu\u00f2 e deve caratterizzarsi come l\u2019anno del lavoro, della ripresa economico\/sociale per la nostra Provincia, non pi\u00f9 per gli annunci, la parola d\u2019ordine deve essere sbloccare (l\u2019esistente) e progettare (il nuovo), diventa fondamentale quasi vitale iniziare a mettere in campo nuove idee di sviluppo infrastrutturale nuovi progetti di viabilit\u00e0 primaria e secondaria, pensare al risanamento in maniera realistica e concreta utilizzando le risorse che lo Iacp ha, costruendo nuovi alloggi, adeguare in maniera antisismica gli immobili soprattutto le scuole, investire in edilizia sanitaria dove le risorse ci sono, insomma investire sul nostro futuro, investimento che va fatto a prescindere dalle proprie idee politiche o concezioni culturali, ci auguriamo infatti che anche l\u2019attuale sindaco della Citt\u00e0 metropolitana di Messina De Luca, metta da parte preconcetti personali e smetta per un attimo di pensare a sagre, inaugurazioni, prostitute e dimissioni ad intermittenza, decida se vuole o meno amministrare Messina e guidarla fuori dal baratro occupazionale e socio\/economico, magari dedicando un po&#8217; pi\u00f9 di tempo alla progettazione della Messina che verr\u00e0 e meno ai teatrini da cabarettista navigato che recita sui social, solo cos\u00ec e su questi temi con un vero e autentico \u201ccambio di passo\u201d, a nostro avviso trover\u00e0 la piena condivisione progettuale di tutte le parti sociali e politiche Messinesi .<br \/>\nInvestire su Messina senza se e senza ma, un investimento che non pu\u00f2 che passare dall\u2019edilizia ma che porter\u00e0 benefici a tutti i settori produttivi ed economici del nostro territorio, sviluppo che potr\u00e0 consentire a migliaia di giovani Messinesi di tornare alla propria terr\u00e0 e ad altri di non abbandonarla per trovare occupazione altrove.<div id=\"div-gpt-ad-Messinaoggi.it-DSK-300x250-corpoart\" style=\"text-align:center;margin:0 auto;\"><\/div><\/p>\n<div id=\"videoincontent\" style=\"clear:both\";><\/div>","protected":false},"excerpt":{"rendered":"<p>Il 2019 \u00e8 stato l\u2019anno degli annunci, anche quest\u2019anno si \u00e8 caratterizzato come i precedenti, per essere quello degli annunci, vuoti e sterili, in tema di sviluppo infrastrutturale del nostro territorio, sviluppo socio\/economico che pu\u00f2 caratterizzarsi realmente attraverso la ripartenza del comparto edile, cosi dichiara in una nota Pasquale De Vardo, segretario generale della Feneal\/Uil [&hellip;]<\/p>\n","protected":false},"author":4,"featured_media":3299,"comment_status":"closed","ping_status":"open","sticky":false,"template":"","format":"standard","meta":{"ub_ctt_via":"","_mi_skip_tracking":false},"categories":[6],"tags":[],"featured_image_src":"https:\/\/www.messinaoggi.it\/website\/wp-content\/uploads\/2017\/06\/porto-tremestieri-lavori-messinaoggi-2.jpg","author_info":{"display_name":"redme","author_link":"https:\/\/www.messinaoggi.it\/website\/author\/redme\/"},"digistream_id":0,"digistream":false,"_links":{"self":[{"href":"https:\/\/www.messinaoggi.it\/website\/wp-json\/wp\/v2\/posts\/39572"}],"collection":[{"href":"https:\/\/www.messinaoggi.it\/website\/wp-json\/wp\/v2\/posts"}],"about":[{"href":"https:\/\/www.messinaoggi.it\/website\/wp-json\/wp\/v2\/types\/post"}],"author":[{"embeddable":true,"href":"https:\/\/www.messinaoggi.it\/website\/wp-json\/wp\/v2\/users\/4"}],"replies":[{"embeddable":true,"href":"https:\/\/www.messinaoggi.it\/website\/wp-json\/wp\/v2\/comments?post=39572"}],"version-history":[{"count":0,"href":"https:\/\/www.messinaoggi.it\/website\/wp-json\/wp\/v2\/posts\/39572\/revisions"}],"wp:featuredmedia":[{"embeddable":true,"href":"https:\/\/www.messinaoggi.it\/website\/wp-json\/wp\/v2\/media\/3299"}],"wp:attachment":[{"href":"https:\/\/www.messinaoggi.it\/website\/wp-json\/wp\/v2\/media?parent=39572"}],"wp:term":[{"taxonomy":"category","embeddable":true,"href":"https:\/\/www.messinaoggi.it\/website\/wp-json\/wp\/v2\/categories?post=39572"},{"taxonomy":"post_tag","embeddable":true,"href":"https:\/\/www.messinaoggi.it\/website\/wp-json\/wp\/v2\/tags?post=39572"}],"curies":[{"name":"wp","href":"https:\/\/api.w.org\/{rel}","templated":true}]}}