{"id":39550,"date":"2020-01-08T02:08:27","date_gmt":"2020-01-08T01:08:27","guid":{"rendered":"https:\/\/www.messinaoggi.it\/website\/?p=39550"},"modified":"2020-01-08T02:08:27","modified_gmt":"2020-01-08T01:08:27","slug":"giallo-trovato-il-cadavere-di-un-sub-sulla-spiaggia","status":"publish","type":"post","link":"https:\/\/www.messinaoggi.it\/website\/2020\/01\/08\/giallo-trovato-il-cadavere-di-un-sub-sulla-spiaggia\/","title":{"rendered":"Tusa: trovato il cadavere di un sub sulla spiaggia"},"content":{"rendered":"<p>Il cadavere di un sub in avanzato stato di decomposizione \u00e8 stato rinvenuto nel tardo pomeriggio di oggi su una spiaggia di Castel di Tusa.<br \/>\nSul posto oltre ai carabinieri di Mistretta agli ordini del capitano Francesco Marino i vigili del fuoco di Santo Stefano di Camastra e il sostituto di turno al tribunale di Patti, Giorgia Orlando.<br \/>\nI resti del sub del quale non \u00e8 stato possibile accertarne neanche il sesso e l&#8217;et\u00e0 approssimativa sono stati trasferiti all&#8217;ospedale di Patti dove nelle prossime ore sar\u00e0 eseguito l&#8217;esame autoptico.<div id=\"div-gpt-ad-Messinaoggi.it-DSK-300x250-corpoart\" style=\"text-align:center;margin:0 auto;\"><\/div><\/p>\n<div id=\"videoincontent\" style=\"clear:both\";><\/div>","protected":false},"excerpt":{"rendered":"<p>Il cadavere di un sub in avanzato stato di decomposizione \u00e8 stato rinvenuto nel tardo pomeriggio di oggi su una spiaggia di Castel di Tusa. Sul posto oltre ai carabinieri di Mistretta agli ordini del capitano Francesco Marino i vigili del fuoco di Santo Stefano di Camastra e il sostituto di turno al tribunale di [&hellip;]<\/p>\n","protected":false},"author":2,"featured_media":7142,"comment_status":"closed","ping_status":"open","sticky":false,"template":"","format":"standard","meta":{"ub_ctt_via":"","_mi_skip_tracking":false},"categories":[13,14],"tags":[],"featured_image_src":"https:\/\/www.messinaoggi.it\/website\/wp-content\/uploads\/2017\/09\/20160514171514_cover1-2.jpg","author_info":{"display_name":"Redazione","author_link":"https:\/\/www.messinaoggi.it\/website\/author\/redazione\/"},"digistream_id":0,"digistream":false,"_links":{"self":[{"href":"https:\/\/www.messinaoggi.it\/website\/wp-json\/wp\/v2\/posts\/39550"}],"collection":[{"href":"https:\/\/www.messinaoggi.it\/website\/wp-json\/wp\/v2\/posts"}],"about":[{"href":"https:\/\/www.messinaoggi.it\/website\/wp-json\/wp\/v2\/types\/post"}],"author":[{"embeddable":true,"href":"https:\/\/www.messinaoggi.it\/website\/wp-json\/wp\/v2\/users\/2"}],"replies":[{"embeddable":true,"href":"https:\/\/www.messinaoggi.it\/website\/wp-json\/wp\/v2\/comments?post=39550"}],"version-history":[{"count":0,"href":"https:\/\/www.messinaoggi.it\/website\/wp-json\/wp\/v2\/posts\/39550\/revisions"}],"wp:featuredmedia":[{"embeddable":true,"href":"https:\/\/www.messinaoggi.it\/website\/wp-json\/wp\/v2\/media\/7142"}],"wp:attachment":[{"href":"https:\/\/www.messinaoggi.it\/website\/wp-json\/wp\/v2\/media?parent=39550"}],"wp:term":[{"taxonomy":"category","embeddable":true,"href":"https:\/\/www.messinaoggi.it\/website\/wp-json\/wp\/v2\/categories?post=39550"},{"taxonomy":"post_tag","embeddable":true,"href":"https:\/\/www.messinaoggi.it\/website\/wp-json\/wp\/v2\/tags?post=39550"}],"curies":[{"name":"wp","href":"https:\/\/api.w.org\/{rel}","templated":true}]}}