{"id":39539,"date":"2020-01-07T18:08:58","date_gmt":"2020-01-07T17:08:58","guid":{"rendered":"https:\/\/www.messinaoggi.it\/website\/?p=39539"},"modified":"2020-01-07T18:08:58","modified_gmt":"2020-01-07T17:08:58","slug":"la-lega-boccia-il-cambio-di-passo-di-de-luca","status":"publish","type":"post","link":"https:\/\/www.messinaoggi.it\/website\/2020\/01\/07\/la-lega-boccia-il-cambio-di-passo-di-de-luca\/","title":{"rendered":"La Lega boccia il &quot;Cambio di passo&quot; di De Luca"},"content":{"rendered":"<p>\u201c<span style=\"font-family: Times New Roman, serif\"><i>Se le proposte che votiamo favorevolmente ci vedono in linea con il miglior obiettivo per la citt\u00e0, il nostro sostegno \u00e8 assicurato. Ci\u00f2 non vuol dire che siamo d\u2019accordo con quel proponente sul piano ideologico, politico o programmatico<\/i>\u201d. Cos\u00ec il gruppo consiliare della Lega, prendendo le distanze da \u201cCambio di passo\u201d, la proposta avanzata dal sindaco Cateno De Luca ai consiglieri comunali che consiste fondamentalmente nella realizzazione di un intergruppo consiliare, vale a dire un gruppo formato da forze politiche trasversali che supporti la giunta nella realizzazione di determinate proposte. Infatti, la Lega ci tiene a sottolineare la sua autonomia politica rispetto alla giunta De Luca, nonostante possa aver votato favorevolmente pi\u00f9 volte diverse sue proposte (infatti, l&#8217;attuale giunta, che non ha alcun consigliere proprio <\/span><span style=\"font-family: Times New Roman, serif\">all&#8217;interno del consiglio comunale, al momento \u00e8 supportata perlopi\u00f9 dal centrodestra).<\/span><br \/>\n\u201c<span style=\"font-family: Times New Roman, serif\"><i>\u00c8 a questo ultimo abominevole abortivo nucleo politico che il signor Sindaco vorrebbe dare un ruolo e un nome portandolo alla luce con cognomi e numeri. <\/i>&#8211; si continua a leggere nella nota &#8211;<i> Solo cos\u00ec gli sarebbero consentiti tempi e risultati certi! E cos\u00ec nessuno si potrebbe sottrarre a precise logiche partitiche e responsabilit\u00e0. Stessa compagine governativa, stessi obiettivi, stessi obblighi. E i partiti di appartenenza? Per chi ci sta, verrebbero in seconda battuta, o forse no, sarebbero ufficialmente coinvolti anche loro nell\u2019affare, politico. Ma a chi conviene in questo momento? Specialmente con la crisi che investe la nostra nazione e la nostra regione? In fin de conti, per il Sindaco questo passaggio dovrebbe essere un atto dovuto, specialmente per chi collabora con lui in barba a qualunque appartenenza politica di partenza e di arrivo. <\/i><\/span><br \/>\n<a name=\"_GoBack\"><\/a>\u201c<span style=\"font-family: Times New Roman, serif\"><i>Per una volta per\u00f2 dobbiamo dare atto al primo cittadino della sua richiesta. \u00c8 giusto che chi \u00e8 con lui lo dichiari ufficialmente e vada a costituire il neopartito del sindaco, alla luce del sole. In fin dei conti \u00e8 un atto scontato ed evidente, senza infingimenti o ambiguit\u00e0. Chi non appartiene, come noi, a questo schieramento occulto o manifesto, lo dica ufficialmente, ma si comporti coerentemente alle dichiarazioni ufficiali. Chi, come noi, non \u00e8 mai fatto parte di speciali schieramenti, n\u00e9 prima, n\u00e9 durante, n\u00e9 dopo, non pu\u00f2 che manifestare ufficialmente la propria distanza da questa paradossale iniziativa. Senza preconcetti, senza scontri, senza preclusioni ma con senso di responsabilit\u00e0 e rispetto per i cittadini e le istituzioni. \u00c8 con questo spirito, senza incontri semi-privati e individuali, che ci apprestiamo ad affrontare questa ennesima fase confusionale di palazzo. <\/i><\/span><br \/>\n<span style=\"font-family: Times New Roman, serif\"><i>\u201cLa citt\u00e0 ha bisogno di proposte, ma soprattutto di risposte, responsabili e immediate e noi ci siamo e ci saremo ogni qualvolta servir\u00e0 il nostro convinto contributo. Nel nostro autonomo modo di operare e di agire, continueremo secondo questo stile a proporre e vigilare, a costo di essere considerati poco appariscenti, ma ci\u00f2 non vuol dire poco incisivi. Non saremo contro qualcuno in maniera preconcetta n\u00e9 a favore di qualcuno in maniera aprioristica, ma dialogheremo per quanto il nostro dovere ci obbligher\u00e0 a fare, nell\u2019unico comune intento di rispettare il mandato che abbiamo l\u2019onore e l\u2019onere di rappresentare, facendoci guidare dall\u2019unica vera priorit\u00e0 che sin qui ci ha ispirati, vale a dire il perseguimento del rilancio della nostra citt\u00e0<\/i>\u201d. <\/span><div id=\"div-gpt-ad-Messinaoggi.it-DSK-300x250-corpoart\" style=\"text-align:center;margin:0 auto;\"><\/div><\/p>\n<div id=\"videoincontent\" style=\"clear:both\";><\/div>","protected":false},"excerpt":{"rendered":"<p>\u201cSe le proposte che votiamo favorevolmente ci vedono in linea con il miglior obiettivo per la citt\u00e0, il nostro sostegno \u00e8 assicurato. Ci\u00f2 non vuol dire che siamo d\u2019accordo con quel proponente sul piano ideologico, politico o programmatico\u201d. Cos\u00ec il gruppo consiliare della Lega, prendendo le distanze da \u201cCambio di passo\u201d, la proposta avanzata dal [&hellip;]<\/p>\n","protected":false},"author":8,"featured_media":39540,"comment_status":"closed","ping_status":"open","sticky":false,"template":"","format":"standard","meta":{"ub_ctt_via":"","_mi_skip_tracking":false},"categories":[6],"tags":[],"featured_image_src":"https:\/\/www.messinaoggi.it\/website\/wp-content\/uploads\/2020\/01\/gruppo-consiliare-lega.jpg","author_info":{"display_name":"red..me","author_link":"https:\/\/www.messinaoggi.it\/website\/author\/redstage\/"},"digistream_id":0,"digistream":false,"_links":{"self":[{"href":"https:\/\/www.messinaoggi.it\/website\/wp-json\/wp\/v2\/posts\/39539"}],"collection":[{"href":"https:\/\/www.messinaoggi.it\/website\/wp-json\/wp\/v2\/posts"}],"about":[{"href":"https:\/\/www.messinaoggi.it\/website\/wp-json\/wp\/v2\/types\/post"}],"author":[{"embeddable":true,"href":"https:\/\/www.messinaoggi.it\/website\/wp-json\/wp\/v2\/users\/8"}],"replies":[{"embeddable":true,"href":"https:\/\/www.messinaoggi.it\/website\/wp-json\/wp\/v2\/comments?post=39539"}],"version-history":[{"count":0,"href":"https:\/\/www.messinaoggi.it\/website\/wp-json\/wp\/v2\/posts\/39539\/revisions"}],"wp:featuredmedia":[{"embeddable":true,"href":"https:\/\/www.messinaoggi.it\/website\/wp-json\/wp\/v2\/media\/39540"}],"wp:attachment":[{"href":"https:\/\/www.messinaoggi.it\/website\/wp-json\/wp\/v2\/media?parent=39539"}],"wp:term":[{"taxonomy":"category","embeddable":true,"href":"https:\/\/www.messinaoggi.it\/website\/wp-json\/wp\/v2\/categories?post=39539"},{"taxonomy":"post_tag","embeddable":true,"href":"https:\/\/www.messinaoggi.it\/website\/wp-json\/wp\/v2\/tags?post=39539"}],"curies":[{"name":"wp","href":"https:\/\/api.w.org\/{rel}","templated":true}]}}