{"id":39537,"date":"2020-01-07T17:27:14","date_gmt":"2020-01-07T16:27:14","guid":{"rendered":"https:\/\/www.messinaoggi.it\/website\/?p=39537"},"modified":"2020-01-07T17:27:14","modified_gmt":"2020-01-07T16:27:14","slug":"la-lega-sbarca-allars-costituito-il-gruppo-parlamentare","status":"publish","type":"post","link":"https:\/\/www.messinaoggi.it\/website\/2020\/01\/07\/la-lega-sbarca-allars-costituito-il-gruppo-parlamentare\/","title":{"rendered":"La Lega sbarca all&#039;Ars: costituito il gruppo parlamentare"},"content":{"rendered":"<p>Anche la Lega avr\u00e0 il suo gruppo nel parlamento siciliano. Stamani si \u00e8 infatti tenuto a Palermo un incontro tra il commissario regionale della Lega, cio\u00e8 il senatore Stefano Candiani, e i deputati all&#8217;Ars Orazio Ragusa, Giovanni Bulla, Marianna Caronia e Antonio Catalfamo, a seguito del quale \u00e8 stata ufficializzata la nascita del gruppo della Lega all&#8217;Ars, che sar\u00e0 capitanato da Antonio Catalfamo nelle vesti di capogruppo. \u201c<i>\u00c8 certamente un momento di grande soddisfazione e questo risultato \u00e8 il frutto di un lavoro fattivo e sinergico con Nino Minardo, che ha avuto il ruolo cardine in questa fase di sviluppo della Lega nell\u2019Isola, che ci ha portato a raggiungere un considerevole obiettivo, rafforzando l\u2019azione politica del centrodestra in Sicilia<\/i>\u201d, dichiara il senatore Candiniani.<br \/>\n\u201c<i>Da oggi <\/i>\u2013 prosegue Candiniani \u2013<i> vogliamo essere stimolo al Governo regionale con tutta una serie di proposte. Le priorit\u00e0, sono le infrastrutture e, con esse, i fondi strutturali per dare alla Sicilia, per anni soffocata da inerzia e superficialit\u00e0, quanto ha diritto di avere. Lavoreremo per dare risposte agli imprenditori agricoli e a tutti i settori legati all\u2019agricoltura e all\u2019economia. Punteremo sull\u2019autonomia differenziata come opportunit\u00e0 per la Sicilia, la continuit\u00e0 territoriale come diritto e non come elemosina e la sburocratizzazione che in Sicilia \u00e8 un problema sentito e che blocca l\u2019economia dell\u2019Isola. Tanti temi da affrontare che saranno approfonditi e meglio spiegati nel corso di una prossima grande assemblea regionale del partito alla presenza del nostro leader, Matteo Salvini. Siamo contenti per la nascita del gruppo della Lega al Parlamento siciliano. Un gruppo unito e motivato, composto da persone che hanno rilevanti esperienze istituzionali nei loro territori e in Assemblea. Il nostro impegno: dare risposte serie e concrete, alle domande dei siciliani!<\/i>\u201d.<br \/>\n\u201cV<i>oglio ringraziare Matteo Salvini per la fiducia, il senatore Candiani, i colleghi di gruppo e la dirigenza della Lega. <\/i>&#8211; dichiara l&#8217;onorevole Catalfamo &#8211;<i> Sono felice di far parte di questa squadra e che sia stato apprezzato il nostro lavoro di questi anni all\u2019insegna della produzione normativa. Continueremo su questa strada, ascoltando i cittadini e le loro esigenze, portando il nostro progetto politico all\u2019attenzione del prossimo governo nazionale a guida leghista<\/i>\u201d.<div id=\"div-gpt-ad-Messinaoggi.it-DSK-300x250-corpoart\" style=\"text-align:center;margin:0 auto;\"><\/div><\/p>\n<div id=\"videoincontent\" style=\"clear:both\";><\/div>","protected":false},"excerpt":{"rendered":"<p>Anche la Lega avr\u00e0 il suo gruppo nel parlamento siciliano. Stamani si \u00e8 infatti tenuto a Palermo un incontro tra il commissario regionale della Lega, cio\u00e8 il senatore Stefano Candiani, e i deputati all&#8217;Ars Orazio Ragusa, Giovanni Bulla, Marianna Caronia e Antonio Catalfamo, a seguito del quale \u00e8 stata ufficializzata la nascita del gruppo della [&hellip;]<\/p>\n","protected":false},"author":8,"featured_media":39538,"comment_status":"closed","ping_status":"open","sticky":false,"template":"","format":"standard","meta":{"ub_ctt_via":"","_mi_skip_tracking":false},"categories":[11],"tags":[],"featured_image_src":"https:\/\/www.messinaoggi.it\/website\/wp-content\/uploads\/2020\/01\/esponenti-lega-ars.jpeg","author_info":{"display_name":"red..me","author_link":"https:\/\/www.messinaoggi.it\/website\/author\/redstage\/"},"digistream_id":0,"digistream":false,"_links":{"self":[{"href":"https:\/\/www.messinaoggi.it\/website\/wp-json\/wp\/v2\/posts\/39537"}],"collection":[{"href":"https:\/\/www.messinaoggi.it\/website\/wp-json\/wp\/v2\/posts"}],"about":[{"href":"https:\/\/www.messinaoggi.it\/website\/wp-json\/wp\/v2\/types\/post"}],"author":[{"embeddable":true,"href":"https:\/\/www.messinaoggi.it\/website\/wp-json\/wp\/v2\/users\/8"}],"replies":[{"embeddable":true,"href":"https:\/\/www.messinaoggi.it\/website\/wp-json\/wp\/v2\/comments?post=39537"}],"version-history":[{"count":0,"href":"https:\/\/www.messinaoggi.it\/website\/wp-json\/wp\/v2\/posts\/39537\/revisions"}],"wp:featuredmedia":[{"embeddable":true,"href":"https:\/\/www.messinaoggi.it\/website\/wp-json\/wp\/v2\/media\/39538"}],"wp:attachment":[{"href":"https:\/\/www.messinaoggi.it\/website\/wp-json\/wp\/v2\/media?parent=39537"}],"wp:term":[{"taxonomy":"category","embeddable":true,"href":"https:\/\/www.messinaoggi.it\/website\/wp-json\/wp\/v2\/categories?post=39537"},{"taxonomy":"post_tag","embeddable":true,"href":"https:\/\/www.messinaoggi.it\/website\/wp-json\/wp\/v2\/tags?post=39537"}],"curies":[{"name":"wp","href":"https:\/\/api.w.org\/{rel}","templated":true}]}}