{"id":39492,"date":"2020-01-04T11:01:27","date_gmt":"2020-01-04T10:01:27","guid":{"rendered":"https:\/\/www.messinaoggi.it\/website\/?p=39492"},"modified":"2020-01-04T11:01:27","modified_gmt":"2020-01-04T10:01:27","slug":"lavoratori-asu-csa-ne-chiede-limpiego-diretto","status":"publish","type":"post","link":"https:\/\/www.messinaoggi.it\/website\/2020\/01\/04\/lavoratori-asu-csa-ne-chiede-limpiego-diretto\/","title":{"rendered":"Lavoratori Asu, Csa ne chiede l&#039;impiego diretto"},"content":{"rendered":"<p>Impiegare direttamente il personale delle Attivit\u00e0 socialmente utili (Asu), piuttosto che assumerlo tramite la sottoscrizione di nuove convenzioni con le cooperative. \u00c8 questa la proposta avanzata dalla Csa Asu Sicilia all&#8217;Asp 5 di Messina e ai Comuni, affinch\u00e9 introducano direttamente gli Asu nella loro pianta organica, visto che a detta del sindacato l&#8217;unico costo aggiuntivo \u00e8 il pagamento dell&#8217;Inail.<br \/>\n&#8220;<em>Siamo convinti che questa sia la soluzione migliore rispetto alla sottoscrizione di ulteriori convenzioni con le coop che in questi anni hanno utilizzato il personale Asu in convenzione con la pubblica amministrazione. <\/em>&#8211; spiega Clara Croc\u00e8, componente il dipartimento Asu Sicilia &#8211;<em> Insieme al parlamentare Ars Danilo Lo Giudice, nelle scorse settimane abbiamo incontrato la dirigente del Dipartimento al Lavoro Francesca Garoffolo e le abbiamo rappresentato l\u2019urgenza di accelerare le procedure di uscita di questi lavoratori<\/em>&#8220;.<br \/>\nIl sindacato attacca poi la cooperativa Isvil, che avrebbe preteso dai lavoratori la compilazione di un modulo non previsto dalla norma. In una nota inviata al presidente della coop e alla dirigente generale del Dipartimento al Lavoro Garoffolo ha richiesto chiarimenti rispetto alla \u201cmanifestazione d&#8217;interesse e richiesta alla prosecuzione delle Attivit\u00e0 Socialmente Utili attuate diramata dalla Isvil. La costrizione della compilazione entro il 4 gennaio 2020 risulterebbe motivata alla immediata sospensione dell\u2019assegno di utilizzo\u201d.<br \/>\nUna richiesta che la Csa ritiene inaccettabile, viste anche le due recenti direttive del dirigente generale Garoffolo relative alle richieste dirette dei lavoratori di assegnazione all\u2019ente presso il quale gi\u00e0 lavorano o a un altro e alla possibilit\u00e0 per le pubbliche amministrazioni di manifestare l\u2019eventuale disponibilit\u00e0 per l\u2019impiego degli Asu: &#8220;<em>Alla luce di queste disposizioni, non riusciamo a comprendere i motivi per i quali questi lavoratori dovrebbero sottoscrivere l\u2019allegato C della Isvil, non essendo la stessa n\u00e9 un ente utilizzatore n\u00e9 un ente erogatore dell\u2019assegno di sussidio ai lavoratori, che \u00e8 a totale carico della Regione Sicilia &#8211; conclude Croc\u00e8. Invitiamo la coop a non proseguire in questi comportamenti e chiediamo al Dipartimento al Lavoro di intervenire per chiudere la vergognosa pagina dell\u2019utilizzo dei lavoratori Asu da parte delle cooperative<\/em>&#8220;.<div id=\"div-gpt-ad-Messinaoggi.it-DSK-300x250-corpoart\" style=\"text-align:center;margin:0 auto;\"><\/div><\/p>\n<div id=\"videoincontent\" style=\"clear:both\";><\/div>","protected":false},"excerpt":{"rendered":"<p>Impiegare direttamente il personale delle Attivit\u00e0 socialmente utili (Asu), piuttosto che assumerlo tramite la sottoscrizione di nuove convenzioni con le cooperative. \u00c8 questa la proposta avanzata dalla Csa Asu Sicilia all&#8217;Asp 5 di Messina e ai Comuni, affinch\u00e9 introducano direttamente gli Asu nella loro pianta organica, visto che a detta del sindacato l&#8217;unico costo aggiuntivo [&hellip;]<\/p>\n","protected":false},"author":8,"featured_media":2180,"comment_status":"closed","ping_status":"open","sticky":false,"template":"","format":"standard","meta":{"ub_ctt_via":"","_mi_skip_tracking":false},"categories":[4],"tags":[],"featured_image_src":"https:\/\/www.messinaoggi.it\/website\/wp-content\/uploads\/2017\/06\/clara-croce-cgil-2.jpg","author_info":{"display_name":"red..me","author_link":"https:\/\/www.messinaoggi.it\/website\/author\/redstage\/"},"digistream_id":0,"digistream":false,"_links":{"self":[{"href":"https:\/\/www.messinaoggi.it\/website\/wp-json\/wp\/v2\/posts\/39492"}],"collection":[{"href":"https:\/\/www.messinaoggi.it\/website\/wp-json\/wp\/v2\/posts"}],"about":[{"href":"https:\/\/www.messinaoggi.it\/website\/wp-json\/wp\/v2\/types\/post"}],"author":[{"embeddable":true,"href":"https:\/\/www.messinaoggi.it\/website\/wp-json\/wp\/v2\/users\/8"}],"replies":[{"embeddable":true,"href":"https:\/\/www.messinaoggi.it\/website\/wp-json\/wp\/v2\/comments?post=39492"}],"version-history":[{"count":0,"href":"https:\/\/www.messinaoggi.it\/website\/wp-json\/wp\/v2\/posts\/39492\/revisions"}],"wp:featuredmedia":[{"embeddable":true,"href":"https:\/\/www.messinaoggi.it\/website\/wp-json\/wp\/v2\/media\/2180"}],"wp:attachment":[{"href":"https:\/\/www.messinaoggi.it\/website\/wp-json\/wp\/v2\/media?parent=39492"}],"wp:term":[{"taxonomy":"category","embeddable":true,"href":"https:\/\/www.messinaoggi.it\/website\/wp-json\/wp\/v2\/categories?post=39492"},{"taxonomy":"post_tag","embeddable":true,"href":"https:\/\/www.messinaoggi.it\/website\/wp-json\/wp\/v2\/tags?post=39492"}],"curies":[{"name":"wp","href":"https:\/\/api.w.org\/{rel}","templated":true}]}}