{"id":39435,"date":"2019-12-31T15:31:11","date_gmt":"2019-12-31T14:31:11","guid":{"rendered":"https:\/\/www.messinaoggi.it\/website\/?p=39435"},"modified":"2019-12-31T15:31:11","modified_gmt":"2019-12-31T14:31:11","slug":"atm-si-allunga-la-durata-del-viaggio-per-i-pendolari-della-zona-nord","status":"publish","type":"post","link":"https:\/\/www.messinaoggi.it\/website\/2019\/12\/31\/atm-si-allunga-la-durata-del-viaggio-per-i-pendolari-della-zona-nord\/","title":{"rendered":"Atm, si allunga la durata del viaggio per i pendolari della zona nord"},"content":{"rendered":"<p style=\"text-align: justify\">Quasi un anno fa pubblicai un articolo nel quale veniva analizzato lo stato dell\u2019arte del servizio di trasporto pubblico locale dedicato agli utenti dell\u2019estrema riviera nord, vale a dire ai pendolari ricadenti nel tratto compreso tra Mortelle e Ponte Gallo. Era un periodo di stravolgimenti nell\u2019Atm (non che ora non lo sia pi\u00f9 considerata la liquidazione della societ\u00e0, ma questo \u00e8 un discorso a parte): infatti, in quel periodo il nuovo piano della partecipata, che prevedeva l\u2019introduzione dello \u201cShuttle\u201d, era ancora in fase sperimentale e di fatto a cadenza pressoch\u00e9 mensile si registravano numerosi cambiamenti non soltanto negli orari delle corse, ma anche nei percorsi delle diverse linee. Ma il motivo per cui decisi di scrivere quell\u2019articolo fu dovuto al temporaneo guasto della linea 33, cio\u00e8 quella linea che passando dall\u2019autostrada fa la spola tra Cavallotti e Ponte Gallo. Infatti, gli utenti che abitualmente usano quella linea furono costretti a ripiegare sulla linea 32, che fondamentalmente collega anch\u2019essa l\u2019estrema riviera nord con il centro cittadino, ma lo fa passando dalla Ss 113, che per ovvie ragioni richiede un tempo di percorrenza decisamente maggiore rispetto al percorso via autostrada. Per farla breve, lo scorso gennaio misi in evidenza che a seguito dell\u2019introduzione del nuovo piano Atm i tempi di percorrenza della linea 32 si allungarono notevolmente in media.<div id=\"div-gpt-ad-Messinaoggi.it-DSK-300x250-corpoart\" style=\"text-align:center;margin:0 auto;\"><\/div><\/p>\n<blockquote class=\"wp-embedded-content\" data-secret=\"QqpMg3G2Sh\"><p><a href=\"https:\/\/www.messinaoggi.it\/website\/2019\/01\/06\/atm-lodissea-dei-pendolari-della-zona-nord\/\">Atm, l&#039;odissea dei pendolari della zona nord<\/a><div id=\"videoincontent\" style=\"clear:both\";><\/div><\/p><\/blockquote>\n<p><iframe class=\"wp-embedded-content\" sandbox=\"allow-scripts\" security=\"restricted\" style=\"position: absolute; clip: rect(1px, 1px, 1px, 1px);\" title=\"&#8220;Atm, l&#039;odissea dei pendolari della zona nord&#8221; &#8212; Messina Oggi\" src=\"https:\/\/www.messinaoggi.it\/website\/2019\/01\/06\/atm-lodissea-dei-pendolari-della-zona-nord\/embed\/#?secret=QqpMg3G2Sh\" data-secret=\"QqpMg3G2Sh\" width=\"500\" height=\"282\" frameborder=\"0\" marginwidth=\"0\" marginheight=\"0\" scrolling=\"no\"><\/iframe><\/p>\n<p style=\"text-align: justify\">Come detto \u00e8 passato quasi un anno da quell\u2019analisi, e ormai il piano della partecipata sembra sia stato definitivamente assestato, oltre che migliorato. Tuttavia, neanche a farlo apposta, la linea 33 \u00e8 nuovamente fuori servizio quasi ininterrottamente da oltre un mese, dapprima per i rallentamenti della riparazione del motore dovuti sostanzialmente alla sostituzione di un pezzo proveniente dalla Turchia e poi per via di \u201c<em>un incidente dentro l&#8217;autoparco durante uno spostamento<\/em>\u201d, cos\u00ec come riporta l\u2019edizione odierna della Gazzetta del Sud. Insomma, a distanza di meno di un anno gli utenti dell\u2019estrema riviera nord sono stati costretti a ripiegare nuovamente sull\u2019unica alternativa rimasta, vale a dire la linea 32. A questo punto sorge spontaneo chiedersi: per i pendolari in questione i tempi di percorrenza della linea 32 si sono quantomeno ridotti? A tal fine analizziamo la seguente tabella a doppia entrata:<\/p>\n<p style=\"text-align: justify\"><strong><a href=\"https:\/\/www.messinaoggi.it\/website\/wp-content\/uploads\/2019\/12\/tempi-percorrenza-linea-32-dicembre-2019.jpg\"><img loading=\"lazy\" class=\"alignnone size-full wp-image-39436\" src=\"https:\/\/www.messinaoggi.it\/website\/wp-content\/uploads\/2019\/12\/tempi-percorrenza-linea-32-dicembre-2019.jpg\" alt=\"\" width=\"836\" height=\"108\" \/><\/a> <\/strong><\/p>\n<p style=\"text-align: justify\">Nella tabella in esame sono stati nuovamente analizzati congiuntamente i caratteri \u201cTempo medio di percorrenza tra Ponte Gallo e Cavallotti\u201d in minuti e \u201cSalta coincidenza?\u201d. Con riferimento al primo carattere, questa volta le modalit\u00e0 possibili sono solo due: Ponte Gallo \u2013 Cavallotti, che implica che il 32 faccia capolinea al Cavallotti; Ponte Gallo \u2013 Annunziata \u2013 Cavallotti, che implica che il 32 faccia capolinea all\u2019Annunziata: ci\u00f2 significa che bisogner\u00e0 poi attendere il tram per recarsi in centro. Relativamente al secondo carattere, si fa sostanzialmente riferimento all\u2019eventuale salto della coincidenza con il tram: in tal senso, \u00e8 chiaro che qualora vi sia un salto della coincidenza bisogner\u00e0 attendere la coincidenza successiva e, dunque, un periodo di tempo maggiore alla fermata.<\/p>\n<p style=\"text-align: justify\">Analizzando la tabella \u00e8 evidente che vi sia una differenza sostanziale nella durata del viaggio per arrivare in centro a seconda se il bus fa capolinea al Cavallotti oppure all\u2019Annunziata: nulla di sorprendente per certi versi, considerato che se il bus fa capolinea all\u2019Annunziata, diversamente da quando fa capolinea al Cavallotti, bisogner\u00e0 attendere, salvo casi fortuiti, l\u2019arrivo del tram, attesa che pu\u00f2 essere di dieci minuti o meno se non salta la coincidenza, ma che pu\u00f2 arrivare sino a 25 minuti qualora la coincidenza con il tram dovesse saltare.<\/p>\n<p style=\"text-align: justify\">Ci\u00f2 che invece sorprende \u00e8 che, rispetto all\u2019analisi dello scorso gennaio, la durata del viaggio \u00e8 aumentata significativamente, specie se bisogna prendere la coincidenza con il tram:<\/p>\n<p><a href=\"https:\/\/www.messinaoggi.it\/website\/wp-content\/uploads\/2019\/12\/analisi-dati-linea-32.png\"><img loading=\"lazy\" class=\"alignnone size-full wp-image-39439\" src=\"https:\/\/www.messinaoggi.it\/website\/wp-content\/uploads\/2019\/12\/analisi-dati-linea-32.png\" alt=\"\" width=\"945\" height=\"91\" \/><\/a><\/p>\n<p style=\"text-align: justify\">Infatti, nell\u2019ipotesi in cui la coincidenza non salti, si \u00e8 passati dai 76 minuti della precedente analisi a ben 100 minuti dell\u2019analisi attuale; nell\u2019ipotesi in cui la coincidenza salti, si \u00e8 passati invece da 91 minuti a 115 minuti circa: in entrambi casi si \u00e8 registrato un aumento della durata del viaggio di quasi 25 minuti. Si tratta di un aumento tutt\u2019altro che irrilevante, che fondamentalmente sembrerebbe essere imputabile all\u2019attuale percorso che viene realizzato dalla linea in esame. Infatti, mentre un tempo la linea 32 viaggiava lungo la Ss 113 senza fare giri particolari, attualmente tale linea percorre altres\u00ec la strada che porta all\u2019ospedale \u201cPapardo\u201d e, soprattutto, l\u2019intera frazione di Torre Faro e dintorni, nella quale si registra senza alcun dubbio il pi\u00f9 significativo aumento della durata del viaggio. Facendo sempre riferimento alla tabella oraria della linea 32, per percorrere il tratto compreso tra la rotatoria di Granatari e l\u2019istituto \u201cOrtopedico del Mezzogiorno\u201d (e in particolare il percorso rotatoria Granatari-Torre Faro-istituto Marino-ospedale Ortopedico) sono necessari ben 15 minuti: un abbondante quarto d\u2019ora che, tenuto conto che lo \u201cShuttle\u201d realizza un percorso analogo, potrebbe essere tranquillamente risparmiato per accorciare i tempi di percorrenza della linea, rendendoli cos\u00ec meno snervanti per l\u2019utente finale che, nella peggiore delle ipotesi, potrebbe trovarsi costretto a sopportare un lunghissimo viaggio di quasi due ore per recarsi nel centro cittadino.<\/p>\n","protected":false},"excerpt":{"rendered":"<p>Quasi un anno fa pubblicai un articolo nel quale veniva analizzato lo stato dell\u2019arte del servizio di trasporto pubblico locale dedicato agli utenti dell\u2019estrema riviera nord, vale a dire ai pendolari ricadenti nel tratto compreso tra Mortelle e Ponte Gallo. Era un periodo di stravolgimenti nell\u2019Atm (non che ora non lo sia pi\u00f9 considerata la [&hellip;]<\/p>\n","protected":false},"author":10,"featured_media":5141,"comment_status":"closed","ping_status":"open","sticky":false,"template":"","format":"standard","meta":{"ub_ctt_via":"","_mi_skip_tracking":false},"categories":[6],"tags":[],"featured_image_src":"https:\/\/www.messinaoggi.it\/website\/wp-content\/uploads\/2017\/07\/bus-atm-2.jpg","author_info":{"display_name":"Paolo Mustica","author_link":"https:\/\/www.messinaoggi.it\/website\/author\/p-mustica\/"},"digistream_id":0,"digistream":false,"_links":{"self":[{"href":"https:\/\/www.messinaoggi.it\/website\/wp-json\/wp\/v2\/posts\/39435"}],"collection":[{"href":"https:\/\/www.messinaoggi.it\/website\/wp-json\/wp\/v2\/posts"}],"about":[{"href":"https:\/\/www.messinaoggi.it\/website\/wp-json\/wp\/v2\/types\/post"}],"author":[{"embeddable":true,"href":"https:\/\/www.messinaoggi.it\/website\/wp-json\/wp\/v2\/users\/10"}],"replies":[{"embeddable":true,"href":"https:\/\/www.messinaoggi.it\/website\/wp-json\/wp\/v2\/comments?post=39435"}],"version-history":[{"count":0,"href":"https:\/\/www.messinaoggi.it\/website\/wp-json\/wp\/v2\/posts\/39435\/revisions"}],"wp:featuredmedia":[{"embeddable":true,"href":"https:\/\/www.messinaoggi.it\/website\/wp-json\/wp\/v2\/media\/5141"}],"wp:attachment":[{"href":"https:\/\/www.messinaoggi.it\/website\/wp-json\/wp\/v2\/media?parent=39435"}],"wp:term":[{"taxonomy":"category","embeddable":true,"href":"https:\/\/www.messinaoggi.it\/website\/wp-json\/wp\/v2\/categories?post=39435"},{"taxonomy":"post_tag","embeddable":true,"href":"https:\/\/www.messinaoggi.it\/website\/wp-json\/wp\/v2\/tags?post=39435"}],"curies":[{"name":"wp","href":"https:\/\/api.w.org\/{rel}","templated":true}]}}