{"id":39431,"date":"2019-12-31T10:46:22","date_gmt":"2019-12-31T09:46:22","guid":{"rendered":"https:\/\/www.messinaoggi.it\/website\/?p=39431"},"modified":"2019-12-31T10:46:22","modified_gmt":"2019-12-31T09:46:22","slug":"feste-da-ballo-mancanza-di-programmazione-de-luca-sinterroghi-sugli-errori-della-musolino","status":"publish","type":"post","link":"https:\/\/www.messinaoggi.it\/website\/2019\/12\/31\/feste-da-ballo-mancanza-di-programmazione-de-luca-sinterroghi-sugli-errori-della-musolino\/","title":{"rendered":"Feste da ballo, mancanza di programmazione. De Luca s&#039;interroghi sugli errori della Musolino"},"content":{"rendered":"<p style=\"text-align: justify;\">La vicenda dei locali da ballo per le feste di capo d&#8217;anno sta assumendo i contorni del pasticcio e ancora una volta spetta al sindaco Cateno De Luca metterci la faccia per porre rimedio alla mala gestio di uno dei suoi assessori. La &#8220;bomba&#8221; \u00e8 scoppiata l&#8217;altro ieri sera, quando il sindaco in un post su Fb ha annunciato un&#8217;azione repressiva nei confronti degli organizzatori di numerose feste da ballo organizzate in citt\u00e0 per festeggiare l&#8217;arrivo del nuovo anno.<div id=\"div-gpt-ad-Messinaoggi.it-DSK-300x250-corpoart\" style=\"text-align:center;margin:0 auto;\"><\/div><\/p>\n<p style=\"text-align: justify;\">De Luca ha chiesto, giustamente, il rispetto delle regole annunciando controlli serrati e provvedimenti nei confronti di coloro i quali stavano organizzando eventi in citt\u00e0. Un intervento risultato tardivo, tendente a mettere una pezza alla cattiva gestione da parte del suo assessore Dafne Musolino &#8220;reo&#8221; di non aver affrontato con gli &#8220;attori istituzionali&#8221; un problema che avrebbe assunto una portata sociale. La massa giovanile, stimabile intorno alle 20\/30mila unit\u00e0, come da consuetudine, per i festeggiamenti del capo d&#8217;anno si sposta in maniera massiva alla ricerca del divertimento per salutare l&#8217;arrivo del nuovo anno (ci\u00f2 accade da sempre), e le notizie propalate a mezzo Social hanno spinto gli organizzatori a spostare le feste nei Comuni limitrofi a Messina.<div id=\"videoincontent\" style=\"clear:both\";><\/div><\/p>\n<p style=\"text-align: justify;\">Se da un lato i genitori dei ragazzi hanno colto con soddisfazione l&#8217;intervento del sindaco, votato alla richiesta del rispetto delle regole per la sicurezza di tutti, dall&#8217;altro si \u00e8 solo spostato pericolosamente il problema: i giovani per festeggiare dovranno infatti trasferirsi in provincia con le conseguenze immaginabili (pericoli nei trasferimenti, disagi per le famiglie e danni all&#8217;economia messinese).<\/p>\n<p style=\"text-align: justify;\"><img loading=\"lazy\" class=\"size-medium wp-image-21448 alignright\" src=\"https:\/\/www.messinaoggi.it\/website\/wp-content\/uploads\/2018\/07\/Musolino-Dafne-assessore-Ambiente-messinaoggiMarcyRuggi-300x167.jpg\" alt=\"\" width=\"300\" height=\"167\" \/>Il problema andava affrontato con abbondante anticipo dall&#8217;assessore Dafne Musolino, la quale avrebbe dovuto convocare un tavolo tecnico con rappresentati autorevoli delle associazioni di categoria e organizzatori degli eventi. Cosa che non \u00e8 stata colpevolmente fatta da chi evidentemente non ha contezza della portata sociale di quello che \u00e8 un autentico fenomeno.<\/p>\n<p style=\"text-align: justify;\">E il sindaco De Luca, ancora una volta, ha dovuto metterci la faccia per assumersi la grande responsabilit\u00e0 di affrontare tardivamente un problema, evidentemente, sottovalutato dal suo assessore che dovrebbe a questo punto dimettersi.<\/p>\n<p style=\"text-align: justify;\">L&#8217;augurio \u00e8 che questa notte non accada nulla di irreparabile considerato che molti giovani saranno costretti a spostarsi in provincia con mezzi propri, tenuto conto che \u00e8 stato combinato un autentico pasticcio. E non si dica che ci sar\u00e0 il divertimento a piazza Duomo perch\u00e9 l&#8217;amministrazione ha proposto un capo d&#8217;anno che a detta di tutti non \u00e8 all&#8217;altezza della terza citt\u00e0 della Sicilia. Infine, occorre rilevare che i 4 locali in regola a Messina con le licenze di pubblico spettacolo, complessivamente possono ospitare meno di 600 avventori. Vedremo se ci saranno gli annunciati controlli da parte della task-force comunale&#8230;<\/p>\n<p style=\"text-align: right;\"><strong>Davide Gambale<\/strong><\/p>\n","protected":false},"excerpt":{"rendered":"<p>La vicenda dei locali da ballo per le feste di capo d&#8217;anno sta assumendo i contorni del pasticcio e ancora una volta spetta al sindaco Cateno De Luca metterci la faccia per porre rimedio alla mala gestio di uno dei suoi assessori. La &#8220;bomba&#8221; \u00e8 scoppiata l&#8217;altro ieri sera, quando il sindaco in un post [&hellip;]<\/p>\n","protected":false},"author":2,"featured_media":34130,"comment_status":"closed","ping_status":"open","sticky":false,"template":"","format":"standard","meta":{"ub_ctt_via":"","_mi_skip_tracking":false},"categories":[19,6],"tags":[],"featured_image_src":"https:\/\/www.messinaoggi.it\/website\/wp-content\/uploads\/2019\/06\/7540562a2b7e6f1f223b61362ad3668c_XL.jpg","author_info":{"display_name":"Redazione","author_link":"https:\/\/www.messinaoggi.it\/website\/author\/redazione\/"},"digistream_id":0,"digistream":false,"_links":{"self":[{"href":"https:\/\/www.messinaoggi.it\/website\/wp-json\/wp\/v2\/posts\/39431"}],"collection":[{"href":"https:\/\/www.messinaoggi.it\/website\/wp-json\/wp\/v2\/posts"}],"about":[{"href":"https:\/\/www.messinaoggi.it\/website\/wp-json\/wp\/v2\/types\/post"}],"author":[{"embeddable":true,"href":"https:\/\/www.messinaoggi.it\/website\/wp-json\/wp\/v2\/users\/2"}],"replies":[{"embeddable":true,"href":"https:\/\/www.messinaoggi.it\/website\/wp-json\/wp\/v2\/comments?post=39431"}],"version-history":[{"count":0,"href":"https:\/\/www.messinaoggi.it\/website\/wp-json\/wp\/v2\/posts\/39431\/revisions"}],"wp:featuredmedia":[{"embeddable":true,"href":"https:\/\/www.messinaoggi.it\/website\/wp-json\/wp\/v2\/media\/34130"}],"wp:attachment":[{"href":"https:\/\/www.messinaoggi.it\/website\/wp-json\/wp\/v2\/media?parent=39431"}],"wp:term":[{"taxonomy":"category","embeddable":true,"href":"https:\/\/www.messinaoggi.it\/website\/wp-json\/wp\/v2\/categories?post=39431"},{"taxonomy":"post_tag","embeddable":true,"href":"https:\/\/www.messinaoggi.it\/website\/wp-json\/wp\/v2\/tags?post=39431"}],"curies":[{"name":"wp","href":"https:\/\/api.w.org\/{rel}","templated":true}]}}