{"id":39390,"date":"2019-12-28T10:16:45","date_gmt":"2019-12-28T09:16:45","guid":{"rendered":"https:\/\/www.messinaoggi.it\/website\/?p=39390"},"modified":"2019-12-28T10:16:45","modified_gmt":"2019-12-28T09:16:45","slug":"terremoto-1908-gioveni-una-via-per-non-dimenticare","status":"publish","type":"post","link":"https:\/\/www.messinaoggi.it\/website\/2019\/12\/28\/terremoto-1908-gioveni-una-via-per-non-dimenticare\/","title":{"rendered":"Terremoto 1908, Gioveni: &quot;Una via per non dimenticare&quot;"},"content":{"rendered":"<p>Oggi cade il 111\u00b0 anniversario del terremoto di Messina, tristemente noto per essere stato uno dei pi\u00f9 gravi cataclismi europei del secolo scorso, e per l\u2019occasione il consigliere comunale Libero Gioveni ha rilanciato una sua vecchia proposta di intitolare una delle vie della citt\u00e0 a tale tragico evento, in modo tale da imprimere ulteriormente nelle menti della popolazione locale il ricordo di quell\u2019evento che port\u00f2 improvvisamente alla morte oltre 100 mila persone tra le due sponde dello Stretto, circa la met\u00e0 della popolazione allora residente in tali territori.<br \/>\n\u201c<em>Da diversi anni ormai tento di portare avanti la proposta di\u00a0intitolare una strada, piazza o slargo\u00a0al luttuoso giorno che cambi\u00f2 radicalmente la storia nella nostra citt\u00e0, convinto della necessit\u00e0 di imprimere un segnale forte e tangibile in ricordo appunto del triste evento del\u00a028 dicembre 1908 che rase al suolo Messina<\/em>\u201d, spiega il consigliere comunale, che poi aggiunge: \u201c<em>Fa davvero specie pensare che in citt\u00e0 non esista\u00a0via, strada, piazza, slargo, vicolo\u00a0che ricordi proprio quel giorno per il quale oggi ricordiamo il\u00a0111\u00b0 anniversario<\/em>\u201d.<br \/>\n\u201c<em>Ho sempre sostenuto la tesi secondo cui la strada che si presti meglio ad essere rinominata \u2018via 28 dicembre 1908\u2019 fosse il tratto di viale San Martino compreso fra villa Dante e viale Europa, perch\u00e9 rappresenta il cuore del Quartiere Lombardo, che fu fra i primissimi quartieri ad essere ricostruiti dopo il sisma.<\/em> &#8211; prosegue il consigliere comunale &#8211; <em>La storia messinese dell\u2019ultimo secolo, infatti, narra che grazie ai finanziamenti erogati dalla famosa Opera Pia Lombarda, furono progettati e costruiti, subito dopo il terremoto del 1908, nel quadrilatero compreso fra via La Farina, viale Europa, via Catania e via Roosvelt (meglio noto, appunto, come &#8216;Quartiere Lombardo&#8217;), un orfanotrofio, un asilo ed un gruppo di case economiche con criteri antisismici (che poi vennero assegnate\u00a0 tra il 1911 e il 1912 ai superstiti del terremoto con un canone di locazione modestissimo). L\u2019orfanotrofio, invece, che con i cortili occupava un area di 6mila mq., venne inaugurato il 28 dicembre 1910 (nel 2\u00b0 anniversario del sisma) e demolito nel 1931, ospitando dapprima gli orfani del terremoto e successivamente quelli della prima guerra mondiale.<\/em><br \/>\n\u201c<em>La scorsa amministrazione, nonostante i proclami dell\u2019ex sindaco Accorinti, non ha mai posto in essere alcun atto concreto in tal senso, nonostante li abbia sempre lasciato liberi di scegliere il sito che potesse ricordare meglio il giorno della memoria. Soltanto l\u2019ex Commissione consiliare Cultura in data 4 gennaio 2018, nel prendere atto della mia proposta, richiese formalmente all\u2019assessore competente e alla stessa Commissione Toponomastica di attivarsi in questa direzione, ma ancora oggi non si ha notizia del possibile iter avviato. Nel ribadire quindi l\u2019opportunit\u00e0 di lasciare il primo vero segno epocale del pi\u00f9 grande evento luttuoso della storia messinese, chiedo al sindaco De Luca e all&#8217;assessore alla Toponomastica Trimarchi se siano stati posti in essere i primi atti propedeutici all\u2019avvio dell\u2019iter per l\u2019intitolazione o la ridenominazione di una strada a &#8216;via 28 dicembre 1908&#8217; e se \u00e8 intendimento di questa Amministrazione imprimere un segno tangibile in citt\u00e0, attraverso questa intitolazione, della pi\u00f9 immane tragedia della storia che colp\u00ec il popolo messinese<\/em>\u201d.<br \/>\n <div id=\"div-gpt-ad-Messinaoggi.it-DSK-300x250-corpoart\" style=\"text-align:center;margin:0 auto;\"><\/div><\/p>\n<div id=\"videoincontent\" style=\"clear:both\";><\/div>","protected":false},"excerpt":{"rendered":"<p>Oggi cade il 111\u00b0 anniversario del terremoto di Messina, tristemente noto per essere stato uno dei pi\u00f9 gravi cataclismi europei del secolo scorso, e per l\u2019occasione il consigliere comunale Libero Gioveni ha rilanciato una sua vecchia proposta di intitolare una delle vie della citt\u00e0 a tale tragico evento, in modo tale da imprimere ulteriormente nelle [&hellip;]<\/p>\n","protected":false},"author":8,"featured_media":13627,"comment_status":"closed","ping_status":"open","sticky":false,"template":"","format":"standard","meta":{"ub_ctt_via":"","_mi_skip_tracking":false},"categories":[4],"tags":[],"featured_image_src":"https:\/\/www.messinaoggi.it\/website\/wp-content\/uploads\/2017\/12\/Terremoto_messina_1908_messinaoggi.jpg","author_info":{"display_name":"red..me","author_link":"https:\/\/www.messinaoggi.it\/website\/author\/redstage\/"},"digistream_id":0,"digistream":false,"_links":{"self":[{"href":"https:\/\/www.messinaoggi.it\/website\/wp-json\/wp\/v2\/posts\/39390"}],"collection":[{"href":"https:\/\/www.messinaoggi.it\/website\/wp-json\/wp\/v2\/posts"}],"about":[{"href":"https:\/\/www.messinaoggi.it\/website\/wp-json\/wp\/v2\/types\/post"}],"author":[{"embeddable":true,"href":"https:\/\/www.messinaoggi.it\/website\/wp-json\/wp\/v2\/users\/8"}],"replies":[{"embeddable":true,"href":"https:\/\/www.messinaoggi.it\/website\/wp-json\/wp\/v2\/comments?post=39390"}],"version-history":[{"count":0,"href":"https:\/\/www.messinaoggi.it\/website\/wp-json\/wp\/v2\/posts\/39390\/revisions"}],"wp:featuredmedia":[{"embeddable":true,"href":"https:\/\/www.messinaoggi.it\/website\/wp-json\/wp\/v2\/media\/13627"}],"wp:attachment":[{"href":"https:\/\/www.messinaoggi.it\/website\/wp-json\/wp\/v2\/media?parent=39390"}],"wp:term":[{"taxonomy":"category","embeddable":true,"href":"https:\/\/www.messinaoggi.it\/website\/wp-json\/wp\/v2\/categories?post=39390"},{"taxonomy":"post_tag","embeddable":true,"href":"https:\/\/www.messinaoggi.it\/website\/wp-json\/wp\/v2\/tags?post=39390"}],"curies":[{"name":"wp","href":"https:\/\/api.w.org\/{rel}","templated":true}]}}