{"id":3937,"date":"2017-07-03T09:30:52","date_gmt":"2017-07-03T07:30:52","guid":{"rendered":"http:\/\/www.messinaoggi.it\/website\/?p=3937"},"modified":"2017-07-03T09:30:52","modified_gmt":"2017-07-03T07:30:52","slug":"acr-messina-due-giorni-per-evitare-la-cancellazione","status":"publish","type":"post","link":"https:\/\/www.messinaoggi.it\/website\/2017\/07\/03\/acr-messina-due-giorni-per-evitare-la-cancellazione\/","title":{"rendered":"Acr Messina, due giorni per evitare la cancellazione"},"content":{"rendered":"<p>Due giorni per salvare il Messina. Entro mercoled\u00ec va depositata la fidejussione per completare la domanda di iscrizione, poi ci sar\u00e0 ancora una settimana di tempo per regolarizzare stipendi e contributi.<br \/>\nSono ore frenetiche per la societ\u00e0 peloritana, rilevata a fine febbraio dall\u2019imprenditore Franco Proto. La strada \u00e8 ancora irta di difficolt\u00e0 perch\u00e9 dopo la vicenda del Messina dello scorso campionato con la fidejussione interrotta a partire da gennaio e mai rinnovata (nemmeno da Proto), vengono richieste ulteriori garanzie.<br \/>\nCome la doppia firma: Proto avrebbe chiesto a Manfredi di apporre il suo \u201cautografo\u201d ma avrebbe ricevuto un diniego. Ci\u00f2 avrebbe determinato un congelamento dei rapporti fra il presidente e il direttore generale che \u00e8 anche socio dell\u2019Acr Messina pur detenendo una percentuale simbolica. Il nodo della difejussione sarebbe quindi legato alla doppia garanzia.<br \/>\nCi sono comunque due giorni di tempo per risolverlo, poi la propriet\u00e0 dovr\u00e0 mettere mani al portafogli per i pagamenti. Intanto, sul fronte \u201cCeleste\u201d c\u2019\u00e8 da registrare un preoccupante stop.<div id=\"div-gpt-ad-Messinaoggi.it-DSK-300x250-corpoart\" style=\"text-align:center;margin:0 auto;\"><\/div><\/p>\n<div id=\"videoincontent\" style=\"clear:both\";><\/div>","protected":false},"excerpt":{"rendered":"<p>Due giorni per salvare il Messina. Entro mercoled\u00ec va depositata la fidejussione per completare la domanda di iscrizione, poi ci sar\u00e0 ancora una settimana di tempo per regolarizzare stipendi e contributi. Sono ore frenetiche per la societ\u00e0 peloritana, rilevata a fine febbraio dall\u2019imprenditore Franco Proto. La strada \u00e8 ancora irta di difficolt\u00e0 perch\u00e9 dopo la [&hellip;]<\/p>\n","protected":false},"author":2,"featured_media":2262,"comment_status":"closed","ping_status":"open","sticky":false,"template":"","format":"standard","meta":{"ub_ctt_via":"","_mi_skip_tracking":false},"categories":[10,9],"tags":[],"featured_image_src":"https:\/\/www.messinaoggi.it\/website\/wp-content\/uploads\/2017\/06\/Proto-Franco-Manfredi-Lello-2.jpg","author_info":{"display_name":"Redazione","author_link":"https:\/\/www.messinaoggi.it\/website\/author\/redazione\/"},"digistream_id":0,"digistream":false,"_links":{"self":[{"href":"https:\/\/www.messinaoggi.it\/website\/wp-json\/wp\/v2\/posts\/3937"}],"collection":[{"href":"https:\/\/www.messinaoggi.it\/website\/wp-json\/wp\/v2\/posts"}],"about":[{"href":"https:\/\/www.messinaoggi.it\/website\/wp-json\/wp\/v2\/types\/post"}],"author":[{"embeddable":true,"href":"https:\/\/www.messinaoggi.it\/website\/wp-json\/wp\/v2\/users\/2"}],"replies":[{"embeddable":true,"href":"https:\/\/www.messinaoggi.it\/website\/wp-json\/wp\/v2\/comments?post=3937"}],"version-history":[{"count":0,"href":"https:\/\/www.messinaoggi.it\/website\/wp-json\/wp\/v2\/posts\/3937\/revisions"}],"wp:featuredmedia":[{"embeddable":true,"href":"https:\/\/www.messinaoggi.it\/website\/wp-json\/wp\/v2\/media\/2262"}],"wp:attachment":[{"href":"https:\/\/www.messinaoggi.it\/website\/wp-json\/wp\/v2\/media?parent=3937"}],"wp:term":[{"taxonomy":"category","embeddable":true,"href":"https:\/\/www.messinaoggi.it\/website\/wp-json\/wp\/v2\/categories?post=3937"},{"taxonomy":"post_tag","embeddable":true,"href":"https:\/\/www.messinaoggi.it\/website\/wp-json\/wp\/v2\/tags?post=3937"}],"curies":[{"name":"wp","href":"https:\/\/api.w.org\/{rel}","templated":true}]}}