{"id":39339,"date":"2019-12-24T08:01:42","date_gmt":"2019-12-24T07:01:42","guid":{"rendered":"https:\/\/www.messinaoggi.it\/website\/?p=39339"},"modified":"2019-12-24T08:01:42","modified_gmt":"2019-12-24T07:01:42","slug":"sanitapolemiche-uil-e-uil-fpl-a-la-paglia-niente-allusioni-adesso-vogliamo-i-nomi","status":"publish","type":"post","link":"https:\/\/www.messinaoggi.it\/website\/2019\/12\/24\/sanitapolemiche-uil-e-uil-fpl-a-la-paglia-niente-allusioni-adesso-vogliamo-i-nomi\/","title":{"rendered":"Sanit\u00e0&amp;Polemiche, Uil e Uil-Fpl a La Paglia: &quot;Niente allusioni, adesso vogliamo i nomi&quot;"},"content":{"rendered":"<p style=\"text-align: justify;\"><strong>\u201c<\/strong>Le recenti dichiarazioni del dott. Paolo la Paglia, Direttore Generale dell\u2019ASP di Messina, denotano lo stato di confusione e disperazione di un manager che, giorno dopo giorno, dimostra di non essere all\u2019altezza di governare una struttura abbastanza articolata e complessa che deve garantire il diritto alla salute dei cittadini\u201d.<div id=\"div-gpt-ad-Messinaoggi.it-DSK-300x250-corpoart\" style=\"text-align:center;margin:0 auto;\"><\/div><\/p>\n<p style=\"text-align: justify;\">Lo scrivono in una nota stampa <strong>Ivan Tripodi<\/strong>, <strong>Pippo Calapi<\/strong> e <strong>Mario Salvatore Macr\u00ec<\/strong>, rispettivamente segretario generale Uil-Messina, segretario provinciale Uil-Fpl e responsabile area medica Uil-Fpl Messina.<div id=\"videoincontent\" style=\"clear:both\";><\/div><\/p>\n<p style=\"text-align: justify;\">\u201cSe le esternazioni del D.G. mirano ad attribuire scopi reconditi alle recenti battaglie della UIL e UIL-FPL per il mantenimento del Punto Nascita dell\u2019ospedale di S. Agata Militello e per le disfunzioni dell\u2019ospedale di Lipari, non solo le respingiamo, ma le classifichiamo come squallide farneticazioni che tendono a sviare l\u2019attenzione dallo stato di abbandono in cui \u00e8 stata ridotta la sanit\u00e0 di competenza dell\u2019ASP di Messina.<\/p>\n<p style=\"text-align: justify;\">Vorremo dal manager dichiarazioni chiare e trasparenti, non reticenti, o peggio ancora, messaggi criptati, perch\u00e9 le affermazioni capziose non servono a risolvere i problemi, per cui il dott. La Paglia, nell\u2019esercizio della funzione pubblica ha l\u2019obbligo morale di fare nomi e cognomi per evitare che le dichiarazioni vengano percepite in maniera errata o peggio ancora come diffamatorie.<\/p>\n<p style=\"text-align: justify;\">Vogliamo conoscere i nomi di coloro che hanno fatto <em>\u201cproposte irricevibili\u201d<\/em> ed i nomi chi pretendeva di condizionare le scelte amministrative, aprendo scenari inquietanti che devono essere portati alla luce e liberare l\u2019ASP da ogni zona d\u2019ombra.<\/p>\n<p style=\"text-align: justify;\">Per quanto riguarda la dichiarazione circa i <em>\u201cpolveroni e gli allarmismi sul punto nascita di S. Agata Militello, al quale mancano da anni i previsti requisiti strutturali di sicurezza\u201d,<\/em> quest\u2019ultima \u00e8 stata nettamente smentita dal commissario ad acta dott. Angelo Pellican\u00f2.<\/p>\n<p style=\"text-align: justify;\">Gli scenari tratteggiati dal manager sembrano un d\u00e9j\u00e0-vu gi\u00e0 vissuto!<\/p>\n<p style=\"text-align: justify;\">Pertanto, ci aspettiamo un immediato intervento degli Organismi Regionali e Nazionali di Controllo per verificare la veridicit\u00e0 delle dichiarazioni rilasciate del manager dell\u2019Asp di Messina ed intervenire conseguentemente anche rimuovendo il manager nel caso di dichiarazioni mendaci.<\/p>\n<p style=\"text-align: justify;\">La UIL e UIL-FPL ritengono non rinviabile la ricerca della verit\u00e0 per ridare serenit\u00e0 ai dipendenti e certezze ai cittadini\/utenti\u201d.<\/p>\n<p style=\"text-align: justify;\">\n","protected":false},"excerpt":{"rendered":"<p>\u201cLe recenti dichiarazioni del dott. Paolo la Paglia, Direttore Generale dell\u2019ASP di Messina, denotano lo stato di confusione e disperazione di un manager che, giorno dopo giorno, dimostra di non essere all\u2019altezza di governare una struttura abbastanza articolata e complessa che deve garantire il diritto alla salute dei cittadini\u201d. Lo scrivono in una nota stampa [&hellip;]<\/p>\n","protected":false},"author":2,"featured_media":37525,"comment_status":"closed","ping_status":"open","sticky":false,"template":"","format":"standard","meta":{"ub_ctt_via":"","_mi_skip_tracking":false},"categories":[6],"tags":[],"featured_image_src":"https:\/\/www.messinaoggi.it\/website\/wp-content\/uploads\/2019\/10\/79E93CC9-D6FC-4DA5-B0B7-B29939DBBBD7.jpeg","author_info":{"display_name":"Redazione","author_link":"https:\/\/www.messinaoggi.it\/website\/author\/redazione\/"},"digistream_id":0,"digistream":false,"_links":{"self":[{"href":"https:\/\/www.messinaoggi.it\/website\/wp-json\/wp\/v2\/posts\/39339"}],"collection":[{"href":"https:\/\/www.messinaoggi.it\/website\/wp-json\/wp\/v2\/posts"}],"about":[{"href":"https:\/\/www.messinaoggi.it\/website\/wp-json\/wp\/v2\/types\/post"}],"author":[{"embeddable":true,"href":"https:\/\/www.messinaoggi.it\/website\/wp-json\/wp\/v2\/users\/2"}],"replies":[{"embeddable":true,"href":"https:\/\/www.messinaoggi.it\/website\/wp-json\/wp\/v2\/comments?post=39339"}],"version-history":[{"count":0,"href":"https:\/\/www.messinaoggi.it\/website\/wp-json\/wp\/v2\/posts\/39339\/revisions"}],"wp:featuredmedia":[{"embeddable":true,"href":"https:\/\/www.messinaoggi.it\/website\/wp-json\/wp\/v2\/media\/37525"}],"wp:attachment":[{"href":"https:\/\/www.messinaoggi.it\/website\/wp-json\/wp\/v2\/media?parent=39339"}],"wp:term":[{"taxonomy":"category","embeddable":true,"href":"https:\/\/www.messinaoggi.it\/website\/wp-json\/wp\/v2\/categories?post=39339"},{"taxonomy":"post_tag","embeddable":true,"href":"https:\/\/www.messinaoggi.it\/website\/wp-json\/wp\/v2\/tags?post=39339"}],"curies":[{"name":"wp","href":"https:\/\/api.w.org\/{rel}","templated":true}]}}