{"id":39265,"date":"2019-12-20T11:29:17","date_gmt":"2019-12-20T10:29:17","guid":{"rendered":"https:\/\/www.messinaoggi.it\/website\/?p=39265"},"modified":"2019-12-20T11:29:17","modified_gmt":"2019-12-20T10:29:17","slug":"chiusa-via-garibaldi-per-parata-militare-transito-veicolare-paralizzato","status":"publish","type":"post","link":"https:\/\/www.messinaoggi.it\/website\/2019\/12\/20\/chiusa-via-garibaldi-per-parata-militare-transito-veicolare-paralizzato\/","title":{"rendered":"Chiusa via Garibaldi per parata militare: transito veicolare in tilt"},"content":{"rendered":"<p style=\"text-align: justify\">Parte del centro cittadino \u00e8 completamente paralizzata. Dalle 10 di questa mattina si \u00e8 tenuta la cerimonia di rientro della brigata \u201cAosta\u201d dai \u201cteatri operativi esteri\u201d, cos\u00ec come si legge nel programma giornaliero del sindaco Cateno De Luca. Nonostante la parata militare debba tenersi sul suolo di piazza Unione Europea, quantomeno stando sempre a quanto si pu\u00f2 leggere tra le righe del programma del primo cittadino, di fatto \u00e8 stata occupata anche la carreggiata antistante, vale a dire via Giuseppe Garibaldi.<div id=\"div-gpt-ad-Messinaoggi.it-DSK-300x250-corpoart\" style=\"text-align:center;margin:0 auto;\"><\/div><\/p>\n<p> <br \/>\n\t<div class=\"carousel-container\">\r\n\t\t\t\t\t\t<ul class=\"carousel\">\r\n\t\t\t\t\t\t\t<input class=\"carousel_activator\" type=\"radio\" id=\"immagine_1\" name=\"activator\" checked=\"checked\"\/><input class=\"carousel_activator\" type=\"radio\" id=\"immagine_2\" name=\"activator\" \/>  <div class=\"carousel_controls\">\r\n\t\t\t\t\t\t\t\t\t\t\t<label class=\"carousel_control carousel_control--backward\" for=\"immagine_2\"><\/label>\r\n\t\t\t\t\t\t\t\t\t\t\t<label class=\"carousel_control carousel_control--forward\" for=\"immagine_2\"><\/label>\r\n\t\t\t\t\t\t\t\t\t\t<\/div>\t<div class=\"carousel_controls\">\r\n\t\t\t\t\t\t\t\t\t\t\t<label class=\"carousel_control carousel_control--backward\" for=\"immagine_1\"><\/label>\r\n\t\t\t\t\t\t\t\t\t\t\t<label class=\"carousel_control carousel_control--forward\" for=\"immagine_1\"><\/label>\r\n\t\t\t\t\t\t\t\t\t\t<\/div>\r\n\t\t\t\t\t\t\t<li class=\"carousel_slide\"><h1 style=\"color:white;\"><\/h1><\/li><li class=\"carousel_slide\"><h1 style=\"color:white;\"><\/h1><\/li>\r\n\t\t\t\t\t\t\t<div class=\"carousel_indicators\"><label class=\"carousel_indicator\" for=\"immagine_1\"><\/label><label class=\"carousel_indicator\" for=\"immagine_2\"><\/label><\/div>\r\n\t\t\t\t\t\t<\/ul>\r\n\t\t\t\t\t<\/div>\r\n\t\t<style>.carousel-container {display: inline-block;width:100%;}.carousel {height: 450px;width: 100%;overflow: hidden;text-align: center;position: relative;padding: 0;list-style: none;}.carousel_controls,.carousel_activator {display: none;}.carousel_control {height: 30px;width: 30px;margin-top: -15px;top: 50%;position: absolute;display: block;cursor: pointer;border-width: 5px 5px 0 0;border-style: solid;border-color: #fafafa;opacity: 0.9;outline: 0;z-index: 3;}.carousel_control:hover {opacity: 1;}.carousel_control--backward {left: 10px;-webkit-transform: rotate(-135deg);transform: rotate(-135deg);}.carousel_control--forward {right: 10px;-webkit-transform: rotate(45deg);transform: rotate(45deg);}.carousel_indicators {position: absolute;bottom: 20px;width: 100%;text-align: center;}.carousel_indicator {height: 15px;width: 15px;border-radius: 100%;display: inline-block;z-index: 2;cursor: pointer;opacity: 0.35;margin: 0 2.5px 0 2.5px;}.carousel_indicator:hover {opacity: 0.75;}.carousel_track {position: absolute;top: 0;right: 0;bottom: 0;left: 0;padding: 0;margin: 0;transition: -webkit-transform 1s ease 0s;transition: transform 1s ease 0s;transition: transform 1s ease 0s, -webkit-transform 1s ease 0s;}.carousel_track .carousel_slide {display: block;top: 0;left: 0;right: 0;opacity: 1;}.carousel--scale .carousel_slide {-webkit-transform: scale(0);transform: scale(0);}.carousel_slide {height: 100%;position: absolute!important;overflow-y: auto;opacity: 0;}.carousel_slide {overflow: hidden;}.carousel--thumb .carousel_indicator {height: 30px;width: 30px;}.carousel_indicator {background-color: #fafafa;}.carousel_activator:nth-of-type(1):checked ~ .carousel_track { -webkit-transform: translateX(0%);transform: translateX(0%); }\r\n\t\t\t\t\t\t\t.carousel_activator:nth-of-type(1):checked ~ .carousel_slide:nth-of-type(1) { transition: opacity 1s, -webkit-transform 1s;transition: opacity 1s, transform 1s;transition: opacity 1s, transform 1s, -webkit-transform 1s;top: 0;left: 0;right: 0;opacity: 1;-webkit-transform: scale(1);transform: scale(1); }\r\n\t\t\t\t\t\t\t.carousel_activator:nth-of-type(1):checked ~ .carousel_controls:nth-of-type(1) { display: block;opacity: 1; }\r\n\t\t\t\t\t\t\t.carousel_activator:nth-of-type(1):checked ~ .carousel_indicators .carousel_indicator:nth-of-type(1) { opacity: 1; }\r\n\t\t\t\t\t\t\t.carousel_slide:nth-of-type(1), .carousel--thumb .carousel_indicators .carousel_indicator:nth-of-type(1) { background-image: url(https:\/\/www.messinaoggi.it\/website\/wp-content\/uploads\/2019\/12\/cerimonia-rientro-brigata-aosta-in-via-garibaldi-4.jpg);background-size: contain;background-position: center;background-repeat: no-repeat;background-color: black; }\r\n\t\t\t\t\t\t\t.carousel_track .carousel_slide:nth-of-type(1) { -webkit-transform: translateX(0%);transform: translateX(0%);}.carousel_activator:nth-of-type(2):checked ~ .carousel_track { -webkit-transform: translateX(0%);transform: translateX(0%); }\r\n\t\t\t\t\t\t\t.carousel_activator:nth-of-type(2):checked ~ .carousel_slide:nth-of-type(2) { transition: opacity 1s, -webkit-transform 1s;transition: opacity 1s, transform 1s;transition: opacity 1s, transform 1s, -webkit-transform 1s;top: 0;left: 0;right: 0;opacity: 1;-webkit-transform: scale(1);transform: scale(1); }\r\n\t\t\t\t\t\t\t.carousel_activator:nth-of-type(2):checked ~ .carousel_controls:nth-of-type(2) { display: block;opacity: 1; }\r\n\t\t\t\t\t\t\t.carousel_activator:nth-of-type(2):checked ~ .carousel_indicators .carousel_indicator:nth-of-type(2) { opacity: 1; }\r\n\t\t\t\t\t\t\t.carousel_slide:nth-of-type(2), .carousel--thumb .carousel_indicators .carousel_indicator:nth-of-type(2) { background-image: url(https:\/\/www.messinaoggi.it\/website\/wp-content\/uploads\/2019\/12\/cerimonia-rientro-brigata-aosta-in-via-garibaldi-2.jpg);background-size: contain;background-position: center;background-repeat: no-repeat;background-color: black; }\r\n\t\t\t\t\t\t\t.carousel_track .carousel_slide:nth-of-type(2) { -webkit-transform: translateX(100%);transform: translateX(100%);}<\/style><div id=\"videoincontent\" style=\"clear:both\";><\/div><\/p>\n<p style=\"text-align: justify\">Risultato: l\u2019importante snodo viario del centro cittadino \u00e8 stato chiuso al transito veicolare, comportando gravi disagi per tutti coloro i quali attraversano quotidianamente, o anche solo saltuariamente, il tratto stradale in questione. Non proprio una scelta azzeccata da parte dell\u2019Amministrazione comunale, che avrebbe potuto sfruttare esclusivamente gli ampi spazi che piazza Unione Europea offre per poter svolgere tale cerimonia, senza arrecare alcun disagio alla popolazione locale. O ancora: se tali spazi non fossero stati sufficienti, quantomeno spostare la manifestazione in questione in un&#8217;altra via della citt\u00e0, senza chiudere, anche se solo temporaneamente, una strada cos\u00ec importante.<\/p>\n<p style=\"text-align: justify\">Tra l\u2019altro a far infuriare gli automobilisti \u00e8 stata la totale mancanza di preavviso da parte dell\u2019Amministrazione comunale. Infatti, i conducenti erano completamente ignari della temporanea chiusura di via Garibaldi. Se sin dall&#8217;inizio fosse stato diramato un qualche avviso circa la temporanea sospensione della viabilit\u00e0 della strada in questione, con molta probabilit\u00e0 in molti avrebbero evitato di percorrerla e, dunque, di aspettare inutili file. Ed \u00e8 inverosimile pensare che la scelta di svolgere una cerimonia cos\u00ec importante su un&#8217;arteria stradale cruciale per la viabilit\u00e0 sia stata presa solo all&#8217;ultimo secondo per un problema di qualche tipo. Infatti, era noto che in tanti vi avrebbero preso parte e che dunque si sarebbe corso il rischio di doverla svolgere sulla strada.<\/p>\n<p><a href=\"https:\/\/www.messinaoggi.it\/website\/wp-content\/uploads\/2019\/12\/cerimonia-rientro-brigata-aosta-in-via-garibaldi-8.jpg\"><img loading=\"lazy\" class=\"alignnone size-full wp-image-39270\" src=\"https:\/\/www.messinaoggi.it\/website\/wp-content\/uploads\/2019\/12\/cerimonia-rientro-brigata-aosta-in-via-garibaldi-8.jpg\" alt=\"\" width=\"1599\" height=\"1200\" \/><\/a><\/p>\n<p style=\"text-align: justify\">A ci\u00f2 si aggiunga che la consueta chiusura di via Dei Mille in occasione delle festivit\u00e0 natalizie non ha fatto altro che aggravare il caos cittadino. Ma qui giungiamo su un campo decisamente pi\u00f9 delicato, che come ogni anno divide la citt\u00e0 tra favorevoli e contrari alla chiusura della suddetta strada. Al di l\u00e0 di come la si pensa, vale comunque la pena ricordare che una strada abbastanza frequentata del centro cittadino rimane chiusa per diverse settimane, congestionando cos\u00ec le vie limitrofe.<\/p>\n<p style=\"text-align: right\"><strong>Paolo Mustica<\/strong><\/p>\n","protected":false},"excerpt":{"rendered":"<p>Parte del centro cittadino \u00e8 completamente paralizzata. Dalle 10 di questa mattina si \u00e8 tenuta la cerimonia di rientro della brigata \u201cAosta\u201d dai \u201cteatri operativi esteri\u201d, cos\u00ec come si legge nel programma giornaliero del sindaco Cateno De Luca. Nonostante la parata militare debba tenersi sul suolo di piazza Unione Europea, quantomeno stando sempre a quanto [&hellip;]<\/p>\n","protected":false},"author":8,"featured_media":39267,"comment_status":"closed","ping_status":"open","sticky":false,"template":"","format":"standard","meta":{"ub_ctt_via":"","_mi_skip_tracking":false},"categories":[6],"tags":[],"featured_image_src":"https:\/\/www.messinaoggi.it\/website\/wp-content\/uploads\/2019\/12\/cerimonia-rientro-brigata-aosta-in-via-garibaldi-3.jpg","author_info":{"display_name":"red..me","author_link":"https:\/\/www.messinaoggi.it\/website\/author\/redstage\/"},"digistream_id":0,"digistream":false,"_links":{"self":[{"href":"https:\/\/www.messinaoggi.it\/website\/wp-json\/wp\/v2\/posts\/39265"}],"collection":[{"href":"https:\/\/www.messinaoggi.it\/website\/wp-json\/wp\/v2\/posts"}],"about":[{"href":"https:\/\/www.messinaoggi.it\/website\/wp-json\/wp\/v2\/types\/post"}],"author":[{"embeddable":true,"href":"https:\/\/www.messinaoggi.it\/website\/wp-json\/wp\/v2\/users\/8"}],"replies":[{"embeddable":true,"href":"https:\/\/www.messinaoggi.it\/website\/wp-json\/wp\/v2\/comments?post=39265"}],"version-history":[{"count":0,"href":"https:\/\/www.messinaoggi.it\/website\/wp-json\/wp\/v2\/posts\/39265\/revisions"}],"wp:featuredmedia":[{"embeddable":true,"href":"https:\/\/www.messinaoggi.it\/website\/wp-json\/wp\/v2\/media\/39267"}],"wp:attachment":[{"href":"https:\/\/www.messinaoggi.it\/website\/wp-json\/wp\/v2\/media?parent=39265"}],"wp:term":[{"taxonomy":"category","embeddable":true,"href":"https:\/\/www.messinaoggi.it\/website\/wp-json\/wp\/v2\/categories?post=39265"},{"taxonomy":"post_tag","embeddable":true,"href":"https:\/\/www.messinaoggi.it\/website\/wp-json\/wp\/v2\/tags?post=39265"}],"curies":[{"name":"wp","href":"https:\/\/api.w.org\/{rel}","templated":true}]}}