{"id":39230,"date":"2019-12-19T11:31:21","date_gmt":"2019-12-19T10:31:21","guid":{"rendered":"https:\/\/www.messinaoggi.it\/website\/?p=39230"},"modified":"2019-12-19T11:31:21","modified_gmt":"2019-12-19T10:31:21","slug":"asili-nido-gioveni-con-63-nuovi-posti-lattuale-personale-non-puo-bastare","status":"publish","type":"post","link":"https:\/\/www.messinaoggi.it\/website\/2019\/12\/19\/asili-nido-gioveni-con-63-nuovi-posti-lattuale-personale-non-puo-bastare\/","title":{"rendered":"Asili nido, Gioveni: &quot;Con 63 nuovi posti l&#039;attuale personale non pu\u00f2 bastare&quot;"},"content":{"rendered":"<p>Aumentano i posti complessivi degli asili nido in citt\u00e0, ma non il personale necessario per accudire i bimbi. Ieri si \u00e8 tenuta l\u2019inaugurazione del nuovo asilo nido \u201cLupetto Vittorio\u201d di viale Europa, frutto della convenzione stipulata fra Comune e Brigata \u201cAosta\u201d, e per l\u2019occasione il consigliere comunale in quota Pd Libero Gioveni ha portato all&#8217;attenzione dell&#8217;Amministrazione comunale il problema della carenza di personale nei nidi della citt\u00e0. Infatti, Gioveni spiega che da gennaio dell\u2019anno entrante vi saranno complessivamente 63 posti in pi\u00f9 in tutto il territorio comunale, un aumento considerevole a cui per\u00f2, stando sempre a quanto dichiarato dal consigliere comunale, non ha fatto seguito un altrettanto incremento di personale, che potrebbe tuttavia essere attinto dalla nota long list di Messina Social City.<br \/>\n\u201c<em>Attualmente il nido di Camaro pu\u00f2 ospitare 21 pargoli, quello di Giostra 25 e quello provvisorio del rione Santa Chiara 19, che sostituisce parzialmente quello oggetto di lavori di adeguamento di San Licandro. Nelle prossime settimane per\u00f2<\/em> &#8211; spiega il consigliere comunale &#8211; <em>oltre alla struttura inaugurata ieri che ospita 25 bambini, la citt\u00e0 si doter\u00e0 del ristrutturato nido di San Licandro (che dai 19 attuali di Santa Chiara arriver\u00e0 a 48 posti) e il micronido di Palazzo Zanca che ospiter\u00e0 altri 9 piccini. Per cui, in attesa di vedere realizzati altri asili nido nel prossimo triennio con i fondi gi\u00e0 stanziati e di cui lo stesso sindaco De Luca ha dato annuncio, avremo nel giro di un mese altri 63 posti in pi\u00f9 (25 al Lupetto, 9 a Palazzo Zanca e 29 per differenza a San Licandro).<br \/>\n<\/em><br \/>\n\u201c<em>Pertanto<\/em> &#8211; conclude Gioveni che evidenzia questi dati anche in Commissione servizi sociali &#8211; <em>ritengo che la Messina Social City non possa non prendere atto di questi dati, per cui, quanto meno nell&#8217;immediato, al fine di garantire un servizio efficiente trattandosi anche di minori in tenerissima et\u00e0, dovr\u00e0 intanto attingere dalla long list da quel personale che possiede specifica qualifica<\/em>\u201d.<div id=\"div-gpt-ad-Messinaoggi.it-DSK-300x250-corpoart\" style=\"text-align:center;margin:0 auto;\"><\/div><\/p>\n<div id=\"videoincontent\" style=\"clear:both\";><\/div>","protected":false},"excerpt":{"rendered":"<p>Aumentano i posti complessivi degli asili nido in citt\u00e0, ma non il personale necessario per accudire i bimbi. Ieri si \u00e8 tenuta l\u2019inaugurazione del nuovo asilo nido \u201cLupetto Vittorio\u201d di viale Europa, frutto della convenzione stipulata fra Comune e Brigata \u201cAosta\u201d, e per l\u2019occasione il consigliere comunale in quota Pd Libero Gioveni ha portato all&#8217;attenzione [&hellip;]<\/p>\n","protected":false},"author":8,"featured_media":6766,"comment_status":"closed","ping_status":"open","sticky":false,"template":"","format":"standard","meta":{"ub_ctt_via":"","_mi_skip_tracking":false},"categories":[4],"tags":[],"featured_image_src":"https:\/\/www.messinaoggi.it\/website\/wp-content\/uploads\/2017\/08\/asilo-nido-2.jpg","author_info":{"display_name":"red..me","author_link":"https:\/\/www.messinaoggi.it\/website\/author\/redstage\/"},"digistream_id":0,"digistream":false,"_links":{"self":[{"href":"https:\/\/www.messinaoggi.it\/website\/wp-json\/wp\/v2\/posts\/39230"}],"collection":[{"href":"https:\/\/www.messinaoggi.it\/website\/wp-json\/wp\/v2\/posts"}],"about":[{"href":"https:\/\/www.messinaoggi.it\/website\/wp-json\/wp\/v2\/types\/post"}],"author":[{"embeddable":true,"href":"https:\/\/www.messinaoggi.it\/website\/wp-json\/wp\/v2\/users\/8"}],"replies":[{"embeddable":true,"href":"https:\/\/www.messinaoggi.it\/website\/wp-json\/wp\/v2\/comments?post=39230"}],"version-history":[{"count":0,"href":"https:\/\/www.messinaoggi.it\/website\/wp-json\/wp\/v2\/posts\/39230\/revisions"}],"wp:featuredmedia":[{"embeddable":true,"href":"https:\/\/www.messinaoggi.it\/website\/wp-json\/wp\/v2\/media\/6766"}],"wp:attachment":[{"href":"https:\/\/www.messinaoggi.it\/website\/wp-json\/wp\/v2\/media?parent=39230"}],"wp:term":[{"taxonomy":"category","embeddable":true,"href":"https:\/\/www.messinaoggi.it\/website\/wp-json\/wp\/v2\/categories?post=39230"},{"taxonomy":"post_tag","embeddable":true,"href":"https:\/\/www.messinaoggi.it\/website\/wp-json\/wp\/v2\/tags?post=39230"}],"curies":[{"name":"wp","href":"https:\/\/api.w.org\/{rel}","templated":true}]}}