{"id":39208,"date":"2019-12-18T12:21:13","date_gmt":"2019-12-18T11:21:13","guid":{"rendered":"https:\/\/www.messinaoggi.it\/website\/?p=39208"},"modified":"2019-12-18T12:21:13","modified_gmt":"2019-12-18T11:21:13","slug":"autista-atm-sorpreso-mentre-vendeva-abusivamente-al-mercato-licenziato","status":"publish","type":"post","link":"https:\/\/www.messinaoggi.it\/website\/2019\/12\/18\/autista-atm-sorpreso-mentre-vendeva-abusivamente-al-mercato-licenziato\/","title":{"rendered":"Autista Atm sorpreso mentre vendeva abusivamente al mercato: licenziato"},"content":{"rendered":"<p align=\"JUSTIFY\">Era in servizio all&#8217;Atm, ma \u00e8 stato sorpreso mentre vendeva abusivamente a un mercato rionale. \u00c8 questo l&#8217;insolito episodio che si \u00e8 verificato ieri durante i consueti controlli dei vigili urbani per contrastare l&#8217;ambulantato abusivo. \u201c<i>Un dipendente di Atm con la mansione di autista, <\/i>&#8211; spiega De Luca &#8211; <i>ieri \u00e8 stato beccato dalla Polizia municipale mentre abusivamente lavorava presso un mercato rionale della citt\u00e0: peccato che tale dipendente risultava contestualmente presente al servizio di Atm. Mentre dunque era in regolare orario di lavoro, vendeva abusivamente al mercato. Vi risparmio il penoso racconto della sua tentata fuga, quando il Commissario Giovanni Giardina ha chiesto le sue generalit\u00e0<\/i>\u201d, spiega in una nota il sindaco Cateno De Luca.<div id=\"div-gpt-ad-Messinaoggi.it-DSK-300x250-corpoart\" style=\"text-align:center;margin:0 auto;\"><\/div><\/p>\n<p align=\"JUSTIFY\">Tra l&#8217;altro quello che parrebbe essere un episodio unico nel suo genere in realt\u00e0 non \u00e8 poi cos\u00ec eccezionale. Infatti, stando sempre a quanto raccontato dal primo cittadino, ieri un dipendente comunale \u00e8 stato sorpreso in orario di lavoro mentre vendeva abusivamente frutta e verdura: \u201c<i>E che dire degli esiti di un altro controllo contro l\u2019ambulantato che riguarda un dipendente comunale <\/i>\u2013 rincara il primo cittadino \u2013 <i>il quale ieri \u00e8 stato beccato a vendere frutta e verdura in strada, durante l\u2019orario di servizio presso gli uffici comunali, nei quali contemporaneamente risultava presente? Anche lui in preda al panico si \u00e8 allontanato dal luogo dell\u2019accertamento, senza ritirare copia del verbale di contestazione e il proprio documento d\u2019identit\u00e0<\/i>\u201d.<div id=\"videoincontent\" style=\"clear:both\";><\/div><\/p>\n<p align=\"JUSTIFY\">\u201c<i>Perch\u00e9 in passato, quando ho fatto certe esternazioni <\/i>\u2013 conclude il primo cittadino \u2013 <i>per mandare un avvertimento definitivo, sono stato attaccato da sindacati e parte del Consiglio Comunale? Se nel Palazzo municipale e nelle societ\u00e0 partecipate si era stati abituati cos\u00ec, adesso la musica \u00e8 cambiata. I miei avvertimenti, servivano per evitare quello che adesso saremo costretti a fare: <\/i><i><b>i licenziamenti in tronco di dipendenti ladri, beccati in flagranza di reato<\/b><\/i><i>, che adesso saranno sbattuti fuori, perch\u00e9 io sono responsabile nei confronti dei cittadini<\/i>\u201d.<\/p>\n","protected":false},"excerpt":{"rendered":"<p>Era in servizio all&#8217;Atm, ma \u00e8 stato sorpreso mentre vendeva abusivamente a un mercato rionale. \u00c8 questo l&#8217;insolito episodio che si \u00e8 verificato ieri durante i consueti controlli dei vigili urbani per contrastare l&#8217;ambulantato abusivo. \u201cUn dipendente di Atm con la mansione di autista, &#8211; spiega De Luca &#8211; ieri \u00e8 stato beccato dalla Polizia [&hellip;]<\/p>\n","protected":false},"author":8,"featured_media":2059,"comment_status":"closed","ping_status":"open","sticky":false,"template":"","format":"standard","meta":{"ub_ctt_via":"","_mi_skip_tracking":false},"categories":[6],"tags":[],"featured_image_src":"https:\/\/www.messinaoggi.it\/website\/wp-content\/uploads\/2017\/06\/Bus-Atm-da-Cavallotti-messinaoggi-2.jpg","author_info":{"display_name":"red..me","author_link":"https:\/\/www.messinaoggi.it\/website\/author\/redstage\/"},"digistream_id":0,"digistream":false,"_links":{"self":[{"href":"https:\/\/www.messinaoggi.it\/website\/wp-json\/wp\/v2\/posts\/39208"}],"collection":[{"href":"https:\/\/www.messinaoggi.it\/website\/wp-json\/wp\/v2\/posts"}],"about":[{"href":"https:\/\/www.messinaoggi.it\/website\/wp-json\/wp\/v2\/types\/post"}],"author":[{"embeddable":true,"href":"https:\/\/www.messinaoggi.it\/website\/wp-json\/wp\/v2\/users\/8"}],"replies":[{"embeddable":true,"href":"https:\/\/www.messinaoggi.it\/website\/wp-json\/wp\/v2\/comments?post=39208"}],"version-history":[{"count":0,"href":"https:\/\/www.messinaoggi.it\/website\/wp-json\/wp\/v2\/posts\/39208\/revisions"}],"wp:featuredmedia":[{"embeddable":true,"href":"https:\/\/www.messinaoggi.it\/website\/wp-json\/wp\/v2\/media\/2059"}],"wp:attachment":[{"href":"https:\/\/www.messinaoggi.it\/website\/wp-json\/wp\/v2\/media?parent=39208"}],"wp:term":[{"taxonomy":"category","embeddable":true,"href":"https:\/\/www.messinaoggi.it\/website\/wp-json\/wp\/v2\/categories?post=39208"},{"taxonomy":"post_tag","embeddable":true,"href":"https:\/\/www.messinaoggi.it\/website\/wp-json\/wp\/v2\/tags?post=39208"}],"curies":[{"name":"wp","href":"https:\/\/api.w.org\/{rel}","templated":true}]}}