{"id":39205,"date":"2019-12-18T12:00:53","date_gmt":"2019-12-18T11:00:53","guid":{"rendered":"https:\/\/www.messinaoggi.it\/website\/?p=39205"},"modified":"2019-12-18T12:00:53","modified_gmt":"2019-12-18T11:00:53","slug":"de-domenico-crisi-gestionale-dellipab-regina-elena-di-messina-fallimento-di-un-modello","status":"publish","type":"post","link":"https:\/\/www.messinaoggi.it\/website\/2019\/12\/18\/de-domenico-crisi-gestionale-dellipab-regina-elena-di-messina-fallimento-di-un-modello\/","title":{"rendered":"Ipab &quot;Regina Elena&quot;, De Domenico: &quot;Il modello gestionale \u00e8 un fallimento&quot;"},"content":{"rendered":"<p align=\"JUSTIFY\">\u201c<span style=\"font-size: medium\"><span lang=\"it-IT\"><i>Da oltre <\/i><\/span><\/span><strong><span style=\"font-size: medium\"><span lang=\"it-IT\"><i>due anni <\/i><\/span><\/span><\/strong><span style=\"font-size: medium\"><span lang=\"it-IT\"><i>i dipendenti dell<\/i><\/span><\/span><strong><span style=\"font-size: medium\"><span lang=\"it-IT\"><i>\u2019Ipab Regina Elena<\/i><\/span><\/span><\/strong><span style=\"font-size: medium\"><span lang=\"it-IT\"><i> di Messina non percepiscono gli stipendi, se non qualche misero acconto a spizzichi e bocconi<\/i><\/span><\/span><span style=\"font-size: medium\"><span lang=\"it-IT\">\u201d. <\/span><\/span><span style=\"font-size: medium\"><span lang=\"it-IT\">Il deputato regionale in quota Pd Franco De Domenico porta all&#8217;attenzione del governo Musumeci la questione relativa ai ritardi nei pagamenti dei lavoratori dell&#8217;Ipab <\/span><\/span><strong><span style=\"font-size: medium\"><span lang=\"it-IT\">Regina Elena<\/span><\/span><\/strong><span style=\"font-size: medium\"><span lang=\"it-IT\"> di Messina, l&#8217;Istituzione pubblica di assistenza e beneficenza messinese che ha tra i suoi fini l&#8217;assistenza all&#8217;infanzia orfana. Questione che, a detta del deputato all&#8217;Ars, dovrebbe essere affrontata cambiando radicalmente il modello gestionale dell&#8217;Ente.<br \/>\n<\/span><\/span><div id=\"div-gpt-ad-Messinaoggi.it-DSK-300x250-corpoart\" style=\"text-align:center;margin:0 auto;\"><\/div><\/p>\n<p align=\"JUSTIFY\">\u201c<span style=\"font-size: medium\"><span lang=\"it-IT\"><i>Questa situazione<\/i><\/span><\/span><span style=\"font-size: medium\"><span lang=\"it-IT\"> \u2013 prosegue De Domenico \u2013 <\/span><\/span><span style=\"font-size: medium\"><span lang=\"it-IT\"><i>costituisce la dimostrazione plastica di un modello gestionale che fa acqua da tutte le parti e che richiede una seria riforma delle politiche di utilizzo di questi beni collettivi, spesso frutto di lasciti e donazioni, che hanno come vincolo di destinazione variegate forme di utilit\u00e0 sociale a rilevanza locale. In Particolare, l\u2019Ipab Regina Elena gestisce servizi importanti per la comunit\u00e0 ed ha a disposizione un <\/i><\/span><\/span><strong><span style=\"font-size: medium\"><span lang=\"it-IT\"><i>patrimonio di 18 alloggi, un immobile destinato alla creazione di un Centro Diurno per anzian<\/i><\/span><\/span><\/strong><span style=\"font-size: medium\"><span lang=\"it-IT\"><i>i e le strutture di un ex Centro Polifunzionale.<\/i><\/span><\/span><div id=\"videoincontent\" style=\"clear:both\";><\/div><\/p>\n<p align=\"JUSTIFY\">\u201c<span style=\"font-size: medium\"><span lang=\"it-IT\"><i>Il dramma \u00e8 che nella nostra Regione, a parole, c\u2019\u00e8 in gran bisogno di servizi di utilit\u00e0 sociale, poi nei fatti i beni di questi enti, tranne rare eccezioni, vengono gestiti nel peggiore dei modi possibili, sia per le difficolt\u00e0 amministrative insite nel modello di governance previsto dalla legge, sia per la qualit\u00e0 degli consigli di amministrazione, laddove nominati (spesso, infatti ci si affida a transitorie (?) gestioni commissariali), che diventano posti di sottogoverno, neanche tanto appetibili per effetto della gratuit\u00e0 dell\u2019incarico.<\/i><\/span><\/span><\/p>\n<p align=\"JUSTIFY\">\u201c<span style=\"font-size: medium\"><span lang=\"it-IT\"><i>A nostro avviso, invece, bisogna prevedere un nuovo modello gestionale che ottimizzi la funzione sociale dei beni gestiti, dimensionando gli enti in modo compatibile con una gestione efficiente, che sia finalizzata a fornire una vera utilit\u00e0 sociale ai soggetti e alle comunit\u00e0 destinatarie, secondo le intenzioni del fondatori, senza escludere il ricorso a professionalit\u00e0 che abbiano le competenze richieste dalle dimensioni del patrimonio gestito, evitando gli affidamenti a improvvisati amministratori che spesso finiscono col portare al fallimento gli enti<\/i><\/span><span lang=\"it-IT\">\u201d.<\/span><\/span><\/p>\n","protected":false},"excerpt":{"rendered":"<p>\u201cDa oltre due anni i dipendenti dell\u2019Ipab Regina Elena di Messina non percepiscono gli stipendi, se non qualche misero acconto a spizzichi e bocconi\u201d. Il deputato regionale in quota Pd Franco De Domenico porta all&#8217;attenzione del governo Musumeci la questione relativa ai ritardi nei pagamenti dei lavoratori dell&#8217;Ipab Regina Elena di Messina, l&#8217;Istituzione pubblica di [&hellip;]<\/p>\n","protected":false},"author":8,"featured_media":39206,"comment_status":"closed","ping_status":"open","sticky":false,"template":"","format":"standard","meta":{"ub_ctt_via":"","_mi_skip_tracking":false},"categories":[4],"tags":[],"featured_image_src":"https:\/\/www.messinaoggi.it\/website\/wp-content\/uploads\/2019\/12\/ipab-regina-elena.png","author_info":{"display_name":"red..me","author_link":"https:\/\/www.messinaoggi.it\/website\/author\/redstage\/"},"digistream_id":0,"digistream":false,"_links":{"self":[{"href":"https:\/\/www.messinaoggi.it\/website\/wp-json\/wp\/v2\/posts\/39205"}],"collection":[{"href":"https:\/\/www.messinaoggi.it\/website\/wp-json\/wp\/v2\/posts"}],"about":[{"href":"https:\/\/www.messinaoggi.it\/website\/wp-json\/wp\/v2\/types\/post"}],"author":[{"embeddable":true,"href":"https:\/\/www.messinaoggi.it\/website\/wp-json\/wp\/v2\/users\/8"}],"replies":[{"embeddable":true,"href":"https:\/\/www.messinaoggi.it\/website\/wp-json\/wp\/v2\/comments?post=39205"}],"version-history":[{"count":0,"href":"https:\/\/www.messinaoggi.it\/website\/wp-json\/wp\/v2\/posts\/39205\/revisions"}],"wp:featuredmedia":[{"embeddable":true,"href":"https:\/\/www.messinaoggi.it\/website\/wp-json\/wp\/v2\/media\/39206"}],"wp:attachment":[{"href":"https:\/\/www.messinaoggi.it\/website\/wp-json\/wp\/v2\/media?parent=39205"}],"wp:term":[{"taxonomy":"category","embeddable":true,"href":"https:\/\/www.messinaoggi.it\/website\/wp-json\/wp\/v2\/categories?post=39205"},{"taxonomy":"post_tag","embeddable":true,"href":"https:\/\/www.messinaoggi.it\/website\/wp-json\/wp\/v2\/tags?post=39205"}],"curies":[{"name":"wp","href":"https:\/\/api.w.org\/{rel}","templated":true}]}}