{"id":39175,"date":"2019-12-15T23:03:34","date_gmt":"2019-12-15T22:03:34","guid":{"rendered":"https:\/\/www.messinaoggi.it\/website\/?p=39175"},"modified":"2019-12-15T23:03:34","modified_gmt":"2019-12-15T22:03:34","slug":"giardino-delle-luci-messina-incentro-al-contrattacco-domani-attesa-conferenza-stampa","status":"publish","type":"post","link":"https:\/\/www.messinaoggi.it\/website\/2019\/12\/15\/giardino-delle-luci-messina-incentro-al-contrattacco-domani-attesa-conferenza-stampa\/","title":{"rendered":"Giardino delle Luci, &quot;Messina Incentro&quot; al contrattacco: oggi conferenza stampa"},"content":{"rendered":"<p style=\"text-align: justify;\">L&#8217;Associazione &#8220;Messina Incentro&#8221;, promotrice degli eventi natalizi in corso di svolgimento a piazza Cairoli, oggi alle\u00a0 10,30, presso la Sala Ovale di Palazzo Zanca, terr\u00e0 una conferenza stampa, alla presenza del proprio legale. Al centro dell&#8217;incontro con i giornalisti vi sar\u00e0 il &#8220;Giardino delle Luci&#8221;, chiuso com&#8217;\u00e8 noto anzitempo per i danni causati dal maltempo.<div id=\"div-gpt-ad-Messinaoggi.it-DSK-300x250-corpoart\" style=\"text-align:center;margin:0 auto;\"><\/div><\/p>\n<p><img loading=\"lazy\" class=\"size-medium wp-image-39126 alignright\" src=\"https:\/\/www.messinaoggi.it\/website\/wp-content\/uploads\/2019\/12\/IMG-20191214-WA0013-300x225.jpg\" alt=\"\" width=\"300\" height=\"225\" \/><div id=\"videoincontent\" style=\"clear:both\";><\/div><\/p>\n<p style=\"text-align: justify;\">La nota \u00e8 stata diramata questa mattina dall&#8217;Associazione dei commercianti che si \u00e8 presa carico, anche economico, di organizzare il Natale nella principale piazza cittadina. Cos&#8217;avranno da dire i vertici dell&#8217;associazione non \u00e8 dato sapere, ma \u00e8 certo che al termine dell&#8217;incontro con i giornalista sar\u00e0 fatta assoluta chiarezza sull&#8217;intera vicenda per la quale \u00e8 &#8220;scoppiato&#8221; un autentico caso politico.<\/p>\n<p style=\"text-align: justify;\">Il Pd, com&#8217;\u00e8 noto, ha chiesto le dimissioni degli assessori Musolino e Scattareggia, firmatari della proposta di delibera con la quale la Giunta municipale ha approvato il progetto delle iniziative di piazza Cairoli per il Natale.<\/p>\n","protected":false},"excerpt":{"rendered":"<p>L&#8217;Associazione &#8220;Messina Incentro&#8221;, promotrice degli eventi natalizi in corso di svolgimento a piazza Cairoli, oggi alle\u00a0 10,30, presso la Sala Ovale di Palazzo Zanca, terr\u00e0 una conferenza stampa, alla presenza del proprio legale. Al centro dell&#8217;incontro con i giornalisti vi sar\u00e0 il &#8220;Giardino delle Luci&#8221;, chiuso com&#8217;\u00e8 noto anzitempo per i danni causati dal maltempo. [&hellip;]<\/p>\n","protected":false},"author":2,"featured_media":39127,"comment_status":"closed","ping_status":"open","sticky":false,"template":"","format":"standard","meta":{"ub_ctt_via":"","_mi_skip_tracking":false},"categories":[6],"tags":[],"featured_image_src":"https:\/\/www.messinaoggi.it\/website\/wp-content\/uploads\/2019\/12\/IMG-20191214-WA0001.jpg","author_info":{"display_name":"Redazione","author_link":"https:\/\/www.messinaoggi.it\/website\/author\/redazione\/"},"digistream_id":0,"digistream":false,"_links":{"self":[{"href":"https:\/\/www.messinaoggi.it\/website\/wp-json\/wp\/v2\/posts\/39175"}],"collection":[{"href":"https:\/\/www.messinaoggi.it\/website\/wp-json\/wp\/v2\/posts"}],"about":[{"href":"https:\/\/www.messinaoggi.it\/website\/wp-json\/wp\/v2\/types\/post"}],"author":[{"embeddable":true,"href":"https:\/\/www.messinaoggi.it\/website\/wp-json\/wp\/v2\/users\/2"}],"replies":[{"embeddable":true,"href":"https:\/\/www.messinaoggi.it\/website\/wp-json\/wp\/v2\/comments?post=39175"}],"version-history":[{"count":0,"href":"https:\/\/www.messinaoggi.it\/website\/wp-json\/wp\/v2\/posts\/39175\/revisions"}],"wp:featuredmedia":[{"embeddable":true,"href":"https:\/\/www.messinaoggi.it\/website\/wp-json\/wp\/v2\/media\/39127"}],"wp:attachment":[{"href":"https:\/\/www.messinaoggi.it\/website\/wp-json\/wp\/v2\/media?parent=39175"}],"wp:term":[{"taxonomy":"category","embeddable":true,"href":"https:\/\/www.messinaoggi.it\/website\/wp-json\/wp\/v2\/categories?post=39175"},{"taxonomy":"post_tag","embeddable":true,"href":"https:\/\/www.messinaoggi.it\/website\/wp-json\/wp\/v2\/tags?post=39175"}],"curies":[{"name":"wp","href":"https:\/\/api.w.org\/{rel}","templated":true}]}}