{"id":39168,"date":"2019-12-16T17:30:57","date_gmt":"2019-12-16T16:30:57","guid":{"rendered":"https:\/\/www.messinaoggi.it\/website\/?p=39168"},"modified":"2019-12-16T17:30:57","modified_gmt":"2019-12-16T16:30:57","slug":"qualita-della-vita-messina-100esima-in-caduta-libera","status":"publish","type":"post","link":"https:\/\/www.messinaoggi.it\/website\/2019\/12\/16\/qualita-della-vita-messina-100esima-in-caduta-libera\/","title":{"rendered":"Qualit\u00e0 della vita: Messina (100esima) in caduta libera"},"content":{"rendered":"<p>Messina sempre pi\u00f9 gi\u00f9. La citt\u00e0 peloritana registra un ulteriore calo nell\u2019indagine sulla Qualit\u00e0 della vita condotta dal Sole 24 Ore, che dal 1990 analizza la situazione delle province e citt\u00e0 metropolitane italiane basandosi su una serie di indicatori che compongono la classifica finale.<br \/>\nPer l\u2019edizione 2019, Messina si piazza al 100\u00b0 posto, in discesa rispetto alla scorsa edizione, dove era 96\u00b0, ed anche rispetto all\u2019edizione 2017, dove era all\u201989\u00b0 posto.<br \/>\nLa stesura della classifica finale, per l\u2019edizione attuale\u00a0(che continua a rilevare il divario tra Nord e Sud), si \u00e8 basata sull\u2019analisi di 90 sottoindicatori ripartiti in 6 indicatori: ognuno di essi ha un punteggio da 1000 a 0, dove il valore 1000 \u00e8 assegnato alla citt\u00e0 al primo posto, ed il valore 0 a quella all\u2019ultimo.<br \/>\nSu base regionale va male la Sicilia:\u00a0ultimo posto per Caltanissetta, 107\u00b0, 104\u00b0 Enna, 102\u00b0 Agrigento, 101\u00b0 Trapani e, appunto, 100\u00b0 Messina (per soli 0.3 punti), 97\u00b0 e 98\u00b0 Catania e Palermo e 90\u00b0 Siracusa ed 80\u00b0 (prima tra le siciliane) Ragusa; 91\u00b0 invece la vicina Reggio Calabria.<div id=\"div-gpt-ad-Messinaoggi.it-DSK-300x250-corpoart\" style=\"text-align:center;margin:0 auto;\"><\/div><\/p>\n<div id=\"videoincontent\" style=\"clear:both\";><\/div>","protected":false},"excerpt":{"rendered":"<p>Messina sempre pi\u00f9 gi\u00f9. La citt\u00e0 peloritana registra un ulteriore calo nell\u2019indagine sulla Qualit\u00e0 della vita condotta dal Sole 24 Ore, che dal 1990 analizza la situazione delle province e citt\u00e0 metropolitane italiane basandosi su una serie di indicatori che compongono la classifica finale. Per l\u2019edizione 2019, Messina si piazza al 100\u00b0 posto, in discesa [&hellip;]<\/p>\n","protected":false},"author":4,"featured_media":27039,"comment_status":"closed","ping_status":"open","sticky":false,"template":"","format":"standard","meta":{"ub_ctt_via":"","_mi_skip_tracking":false},"categories":[6],"tags":[],"featured_image_src":"https:\/\/www.messinaoggi.it\/website\/wp-content\/uploads\/2018\/11\/9C339D25-F093-4D87-9EE5-9BF9F12C6E5B.jpeg","author_info":{"display_name":"redme","author_link":"https:\/\/www.messinaoggi.it\/website\/author\/redme\/"},"digistream_id":0,"digistream":false,"_links":{"self":[{"href":"https:\/\/www.messinaoggi.it\/website\/wp-json\/wp\/v2\/posts\/39168"}],"collection":[{"href":"https:\/\/www.messinaoggi.it\/website\/wp-json\/wp\/v2\/posts"}],"about":[{"href":"https:\/\/www.messinaoggi.it\/website\/wp-json\/wp\/v2\/types\/post"}],"author":[{"embeddable":true,"href":"https:\/\/www.messinaoggi.it\/website\/wp-json\/wp\/v2\/users\/4"}],"replies":[{"embeddable":true,"href":"https:\/\/www.messinaoggi.it\/website\/wp-json\/wp\/v2\/comments?post=39168"}],"version-history":[{"count":0,"href":"https:\/\/www.messinaoggi.it\/website\/wp-json\/wp\/v2\/posts\/39168\/revisions"}],"wp:featuredmedia":[{"embeddable":true,"href":"https:\/\/www.messinaoggi.it\/website\/wp-json\/wp\/v2\/media\/27039"}],"wp:attachment":[{"href":"https:\/\/www.messinaoggi.it\/website\/wp-json\/wp\/v2\/media?parent=39168"}],"wp:term":[{"taxonomy":"category","embeddable":true,"href":"https:\/\/www.messinaoggi.it\/website\/wp-json\/wp\/v2\/categories?post=39168"},{"taxonomy":"post_tag","embeddable":true,"href":"https:\/\/www.messinaoggi.it\/website\/wp-json\/wp\/v2\/tags?post=39168"}],"curies":[{"name":"wp","href":"https:\/\/api.w.org\/{rel}","templated":true}]}}