{"id":39118,"date":"2019-12-13T18:51:54","date_gmt":"2019-12-13T17:51:54","guid":{"rendered":"https:\/\/www.messinaoggi.it\/website\/?p=39118"},"modified":"2019-12-13T18:51:54","modified_gmt":"2019-12-13T17:51:54","slug":"mare-in-burrasca-eolie-isolate","status":"publish","type":"post","link":"https:\/\/www.messinaoggi.it\/website\/2019\/12\/13\/mare-in-burrasca-eolie-isolate\/","title":{"rendered":"Mare in burrasca, Eolie isolate"},"content":{"rendered":"<p>Eolie nuovamente isolate a causa del maltempo e del mare forza 6-7. Da questa mattina sono interrotti i collegamenti marittimi con le isole minori (Stromboli, Ginostra, Panarea, Alicudi e Filicudi); nel pomeriggio gli aliscafi ed i traghetti si sono fermati anche da Milazzo per Lipari, Salina e Vulcano.<br \/>\nLa preside della scuola elementare, Mirella Fanti, ha lanciato un appello perch\u00e9 la maggior parte dei docenti arriva dalla terraferma e di conseguenza non pu\u00f2 raggiungere Lipari. Il dirigente scolastico ha invitato il parlamento nazionale ad approvare al pi\u00f9 presto il disegno di legge sulle isole minori, che preveda incentivi per chi vuole insegnare nelle piccole isole.<div id=\"div-gpt-ad-Messinaoggi.it-DSK-300x250-corpoart\" style=\"text-align:center;margin:0 auto;\"><\/div><\/p>\n<div id=\"videoincontent\" style=\"clear:both\";><\/div>","protected":false},"excerpt":{"rendered":"<p>Eolie nuovamente isolate a causa del maltempo e del mare forza 6-7. Da questa mattina sono interrotti i collegamenti marittimi con le isole minori (Stromboli, Ginostra, Panarea, Alicudi e Filicudi); nel pomeriggio gli aliscafi ed i traghetti si sono fermati anche da Milazzo per Lipari, Salina e Vulcano. La preside della scuola elementare, Mirella Fanti, [&hellip;]<\/p>\n","protected":false},"author":4,"featured_media":7558,"comment_status":"closed","ping_status":"open","sticky":false,"template":"","format":"standard","meta":{"ub_ctt_via":"","_mi_skip_tracking":false},"categories":[6],"tags":[],"featured_image_src":"https:\/\/www.messinaoggi.it\/website\/wp-content\/uploads\/2017\/09\/mareggiata-eolie-2.jpg","author_info":{"display_name":"redme","author_link":"https:\/\/www.messinaoggi.it\/website\/author\/redme\/"},"digistream_id":0,"digistream":false,"_links":{"self":[{"href":"https:\/\/www.messinaoggi.it\/website\/wp-json\/wp\/v2\/posts\/39118"}],"collection":[{"href":"https:\/\/www.messinaoggi.it\/website\/wp-json\/wp\/v2\/posts"}],"about":[{"href":"https:\/\/www.messinaoggi.it\/website\/wp-json\/wp\/v2\/types\/post"}],"author":[{"embeddable":true,"href":"https:\/\/www.messinaoggi.it\/website\/wp-json\/wp\/v2\/users\/4"}],"replies":[{"embeddable":true,"href":"https:\/\/www.messinaoggi.it\/website\/wp-json\/wp\/v2\/comments?post=39118"}],"version-history":[{"count":0,"href":"https:\/\/www.messinaoggi.it\/website\/wp-json\/wp\/v2\/posts\/39118\/revisions"}],"wp:featuredmedia":[{"embeddable":true,"href":"https:\/\/www.messinaoggi.it\/website\/wp-json\/wp\/v2\/media\/7558"}],"wp:attachment":[{"href":"https:\/\/www.messinaoggi.it\/website\/wp-json\/wp\/v2\/media?parent=39118"}],"wp:term":[{"taxonomy":"category","embeddable":true,"href":"https:\/\/www.messinaoggi.it\/website\/wp-json\/wp\/v2\/categories?post=39118"},{"taxonomy":"post_tag","embeddable":true,"href":"https:\/\/www.messinaoggi.it\/website\/wp-json\/wp\/v2\/tags?post=39118"}],"curies":[{"name":"wp","href":"https:\/\/api.w.org\/{rel}","templated":true}]}}